{"id":10797,"date":"2023-12-15T01:31:02","date_gmt":"2023-12-15T01:31:02","guid":{"rendered":"https:\/\/defrentealaverdad.com\/?p=10797"},"modified":"2023-12-15T01:31:02","modified_gmt":"2023-12-15T01:31:02","slug":"revista-cotui-digital-celebra-4to-desayuno-navideno-con-periodistas-cotuisanos","status":"publish","type":"post","link":"https:\/\/defrentealaverdad.com\/index.php\/2023\/12\/15\/revista-cotui-digital-celebra-4to-desayuno-navideno-con-periodistas-cotuisanos\/","title":{"rendered":"\u00a0Revista Cotu\u00ed Digital celebra 4to. Desayuno Navide\u00f1o con periodistas cotuisanos"},"content":{"rendered":"<div class=\"separator\"><a href=\"https:\/\/blogger.googleusercontent.com\/img\/b\/R29vZ2xl\/AVvXsEhF7oE648SMwLqv-1zcKjQ3PhvbAWvS0QHUrr1OsW0v_hAnU1zrXcHjTSxQM9OtuB7w7AnWqJUh2WqhVKe79XJK9XGTD0XBjkb93MTEYYH2AuTh3ihdIvw0qw410Il5ep-0xCehMkhmi3-bS-KUSAKzbbtEaF2v_YXEFDuLNx19K9-b7w90y4Rtnz0XdZHk\/s1280\/milciades%20con%20parte%20de%20los%20periodistas%20invitados%20al%20desayuno.jpg\"><img decoding=\"async\" class=\"alignleft lazyload\" data-src=\"https:\/\/blogger.googleusercontent.com\/img\/b\/R29vZ2xl\/AVvXsEhF7oE648SMwLqv-1zcKjQ3PhvbAWvS0QHUrr1OsW0v_hAnU1zrXcHjTSxQM9OtuB7w7AnWqJUh2WqhVKe79XJK9XGTD0XBjkb93MTEYYH2AuTh3ihdIvw0qw410Il5ep-0xCehMkhmi3-bS-KUSAKzbbtEaF2v_YXEFDuLNx19K9-b7w90y4Rtnz0XdZHk\/s320\/milciades%20con%20parte%20de%20los%20periodistas%20invitados%20al%20desayuno.jpg\" width=\"320\" height=\"240\" border=\"0\" data-original-height=\"960\" data-original-width=\"1280\" src=\"data:image\/svg+xml;base64,PHN2ZyB3aWR0aD0iMSIgaGVpZ2h0PSIxIiB4bWxucz0iaHR0cDovL3d3dy53My5vcmcvMjAwMC9zdmciPjwvc3ZnPg==\" style=\"--smush-placeholder-width: 320px; --smush-placeholder-aspect-ratio: 320\/240;\" \/><\/a><\/div>\n<p style=\"text-align: justify;\">El periodista de Cotui,\u00a0 Milciades Pichardo, editor de la revista Cotu\u00ed Digital celebr\u00f3 \u00a0el\u00a0 \u00a04to. Desayuno Navide\u00f1o de la revista Cotui Digital, \u00a0con casi la talidad de los hombres y mujeres que ejercen la comunicaci\u00f3n en S\u00e1nchez Ram\u00edrez<\/p>\n<p>El encuentro tambi\u00e9n fue el escenario\u00a0 para reconocer a comunicadores destacados como Jos\u00e9 Ram\u00f3n Tavares, Oscarlin\u00a0 Figueroa, Yinet Jer\u00e9z, Daury Reyes (Djjakeca) y Junior Acosta (Cavada) \u00a0quienes ejercen su trabajo en la radio, la\u00a0 televisi\u00f3n y redes sociales de la comunida.<\/p>\n<div class=\"separator\" style=\"text-align: justify;\"><a href=\"https:\/\/blogger.googleusercontent.com\/img\/b\/R29vZ2xl\/AVvXsEhBLj2vCW72deuyDAnn11dMbTOHCb_W_Ywi7yU6KaeVDXcopj2ZGcCwx-plRYGpB7FJUQT6yexe6Yg7bVuskb-xokisOghdfr0VOx6e0gPxYb02De85uwcDLnrjWfUmpSepaXNCoiCUpAl_p883wQu7XWx2do3A9k1bFqugQOwwTkNt4dvnOoFkdD8B84PO\/s1280\/NOTA%20MILCIADES.jpg\"><img decoding=\"async\" class=\"alignright lazyload\" data-src=\"https:\/\/blogger.googleusercontent.com\/img\/b\/R29vZ2xl\/AVvXsEhBLj2vCW72deuyDAnn11dMbTOHCb_W_Ywi7yU6KaeVDXcopj2ZGcCwx-plRYGpB7FJUQT6yexe6Yg7bVuskb-xokisOghdfr0VOx6e0gPxYb02De85uwcDLnrjWfUmpSepaXNCoiCUpAl_p883wQu7XWx2do3A9k1bFqugQOwwTkNt4dvnOoFkdD8B84PO\/s320\/NOTA%20MILCIADES.jpg\" width=\"320\" height=\"240\" border=\"0\" data-original-height=\"960\" data-original-width=\"1280\" src=\"data:image\/svg+xml;base64,PHN2ZyB3aWR0aD0iMSIgaGVpZ2h0PSIxIiB4bWxucz0iaHR0cDovL3d3dy53My5vcmcvMjAwMC9zdmciPjwvc3ZnPg==\" style=\"--smush-placeholder-width: 320px; --smush-placeholder-aspect-ratio: 320\/240;\" \/><\/a>Los comunicadores agradecieron la extraordinaria labor desarrollada por Milciades Pichardo, en favor de Cotui y la Provincia S\u00e1nchez Ram\u00edrez, al trav\u00e9s de la Revista Cotui Digital durante estos doce a\u00f1os de Circulaci\u00f3n.<\/p>\n<p>Al dar la bienvenida a los presentes Pichardo resalto que \u201choy celebramos doce a\u00f1os de circulaci\u00f3n con la Revista Cotui Digital, doce a\u00f1os publicando buenas noticias y es la primera vez desde la fundaci\u00f3n de S\u00e1nchez Ram\u00edrez que un medio\u00a0 impreso llega a doce a\u00f1os, pues antes ninguna supero los tres a\u00f1os de difusi\u00f3n.<\/p>\n<p>\u201cEste momento hist\u00f3rico se logra solamente con el apoyo de los empresarios, comerciantes, emprendedores, pol\u00edticos\u00a0 y profesionales que han cre\u00eddo en este maravilloso medio de comunicaci\u00f3n, que tambi\u00e9n \u00a0es el \u00a0\u00fanico que circula en la regi\u00f3n, abarcando \u00a0S\u00e1nchez Ram\u00edrez, La Vega,\u00a0 Bonao, Monte Plata, San Francisco de Macor\u00eds y la capital \u201c, dijo Pichardo .<\/p>\n<p>Durante el evento tambi\u00e9n se celebr\u00f3 un importante conversatorio sobre la calidad de la comunicaci\u00f3n en el municipio de Cotui, en el que los propios miembros de la prensa escrita, radial, televisiva y redes sociales externaron sus opiniones e hicieron propuestas de c\u00f3mo mejorar el servicio de comunicaci\u00f3n que se ofrece en la comunidad .<\/p>\n<\/div>\n","protected":false},"excerpt":{"rendered":"<p>El periodista de Cotui,\u00a0 Milciades Pichardo, editor de la revista Cotu\u00ed Digital celebr\u00f3 \u00a0el\u00a0 \u00a04to.<\/p>\n","protected":false},"author":1,"featured_media":0,"comment_status":"open","ping_status":"open","sticky":false,"template":"","format":"standard","meta":{"footnotes":""},"categories":[7],"tags":[],"class_list":["post-10797","post","type-post","status-publish","format-standard","hentry","category-nacionales"],"_links":{"self":[{"href":"https:\/\/defrentealaverdad.com\/index.php\/wp-json\/wp\/v2\/posts\/10797","targetHints":{"allow":["GET"]}}],"collection":[{"href":"https:\/\/defrentealaverdad.com\/index.php\/wp-json\/wp\/v2\/posts"}],"about":[{"href":"https:\/\/defrentealaverdad.com\/index.php\/wp-json\/wp\/v2\/types\/post"}],"author":[{"embeddable":true,"href":"https:\/\/defrentealaverdad.com\/index.php\/wp-json\/wp\/v2\/users\/1"}],"replies":[{"embeddable":true,"href":"https:\/\/defrentealaverdad.com\/index.php\/wp-json\/wp\/v2\/comments?post=10797"}],"version-history":[{"count":1,"href":"https:\/\/defrentealaverdad.com\/index.php\/wp-json\/wp\/v2\/posts\/10797\/revisions"}],"predecessor-version":[{"id":10798,"href":"https:\/\/defrentealaverdad.com\/index.php\/wp-json\/wp\/v2\/posts\/10797\/revisions\/10798"}],"wp:attachment":[{"href":"https:\/\/defrentealaverdad.com\/index.php\/wp-json\/wp\/v2\/media?parent=10797"}],"wp:term":[{"taxonomy":"category","embeddable":true,"href":"https:\/\/defrentealaverdad.com\/index.php\/wp-json\/wp\/v2\/categories?post=10797"},{"taxonomy":"post_tag","embeddable":true,"href":"https:\/\/defrentealaverdad.com\/index.php\/wp-json\/wp\/v2\/tags?post=10797"}],"curies":[{"name":"wp","href":"https:\/\/api.w.org\/{rel}","templated":true}]}}