{"id":10787,"date":"2023-12-15T01:07:13","date_gmt":"2023-12-15T01:07:13","guid":{"rendered":"https:\/\/defrentealaverdad.com\/?p=10787"},"modified":"2023-12-15T01:07:20","modified_gmt":"2023-12-15T01:07:20","slug":"sembra-celebra-la-navidad-con-exclusiva-cata-degustacion-burbujas-ostras-y-caviar","status":"publish","type":"post","link":"https:\/\/defrentealaverdad.com\/index.php\/2023\/12\/15\/sembra-celebra-la-navidad-con-exclusiva-cata-degustacion-burbujas-ostras-y-caviar\/","title":{"rendered":"Sembra Celebra la Navidad con exclusiva cata degustaci\u00f3n \u00abBurbujas, ostras y caviar\u00bb"},"content":{"rendered":"<blockquote>\n<p style=\"font-weight: 400;\">\u00a0\u00a0<em>La experiencia gastron\u00f3mica estuvo a cargo del\u00a0<\/em><em>celebrado\u00a0Chef Rams\u00e9s N\u00fa\u00f1ez, experto en la materia y egresado de\u00a0la\u00a0prestigiosa\u00a0Cordon Bleu de Par\u00eds<\/em><\/p>\n<\/blockquote>\n<p style=\"font-weight: 400;\"><strong>Santo Domingo.<\/strong>Lleg\u00f3 la Navidad y Sembra Agencia de Vinos, se visti\u00f3 de sus colores para celebrarla en grande con una experiencia sensorial \u00fanica: la cata degustaci\u00f3n: \u201cBurbujas, Ostras y Caviar\u201d para el disfrute de todos los presentes.<\/p>\n<p style=\"font-weight: 400;\"><img decoding=\"async\" class=\"size-medium wp-image-10789 alignleft lazyload\" data-src=\"https:\/\/defrentealaverdad.com\/wp-content\/uploads\/2023\/12\/Aaron-Hernandez-Felipe-Morales-Ramses-Nunez-Alfredo-Hernandez-Ire-Hernandez-Yeidy-Urena-300x207.jpg\" alt=\"\" width=\"300\" height=\"207\" data-srcset=\"https:\/\/defrentealaverdad.com\/wp-content\/uploads\/2023\/12\/Aaron-Hernandez-Felipe-Morales-Ramses-Nunez-Alfredo-Hernandez-Ire-Hernandez-Yeidy-Urena-300x207.jpg 300w, https:\/\/defrentealaverdad.com\/wp-content\/uploads\/2023\/12\/Aaron-Hernandez-Felipe-Morales-Ramses-Nunez-Alfredo-Hernandez-Ire-Hernandez-Yeidy-Urena-768x531.jpg 768w, https:\/\/defrentealaverdad.com\/wp-content\/uploads\/2023\/12\/Aaron-Hernandez-Felipe-Morales-Ramses-Nunez-Alfredo-Hernandez-Ire-Hernandez-Yeidy-Urena.jpg 1024w\" data-sizes=\"(max-width: 300px) 100vw, 300px\" src=\"data:image\/svg+xml;base64,PHN2ZyB3aWR0aD0iMSIgaGVpZ2h0PSIxIiB4bWxucz0iaHR0cDovL3d3dy53My5vcmcvMjAwMC9zdmciPjwvc3ZnPg==\" style=\"--smush-placeholder-width: 300px; --smush-placeholder-aspect-ratio: 300\/207;\" \/>La velada, dise\u00f1ada para los\u00a0<em>winelovers<\/em>, present\u00f3 una selecci\u00f3n de vinos espumosos cuidadosamente elegidos de algunas de las mejores bodegas del mundo. Los protagonistas de la noche fueron Papilou de G\u00e9rard Bertrand, Cava Pere Mata L\u2019Origen, Ravent\u00f3s i Blanc de La Finca y Champagne Deutz Brut Classic.<\/p>\n<p style=\"font-weight: 400;\">Eduardo Garc\u00eda, Certified Sommelier del Court of Master Sommeliers de USA (CMS) y copropietario de Sembra, gui\u00f3 a los participantes a trav\u00e9s de la cata, ofreciendo las caracter\u00edsticas enol\u00f3gicas de cada espumoso.<\/p>\n<blockquote>\n<p style=\"font-weight: 400;\">\u201cEn Sembra, buscamos crear experiencias que vayan m\u00e1s all\u00e1 de lo ordinario, y esta cata degustaci\u00f3n fue la manera perfecta de dar inicio a la temporada navide\u00f1a\u201d, coment\u00f3 Garc\u00eda. \u201cLa combinaci\u00f3n de burbujas, ostras y caviar permiti\u00f3 a nuestros invitados sumergirse en un universo de sabores exquisitos y celebrar la magia de la Navidad\u201d, expres\u00f3.<\/p>\n<\/blockquote>\n<p style=\"font-weight: 400;\">La experiencia gastron\u00f3mica estuvo a cargo del reconocido Chef Rams\u00e9s N\u00fa\u00f1ez, egresado de la prestigiosa Cordon Bleu de Par\u00eds, quien comparti\u00f3 con los presentes el origen de cada uno de los platos degustados en la noche.<\/p>\n<p style=\"font-weight: 400;\">Sembra Agencia de Vinos agradeci\u00f3 la presencia de los asistentes en este encuentro navide\u00f1o en el que los\u00a0<em>winelovers\u00a0<\/em>disfrutaron de una experiencia \u00fanica.<\/p>\n<p style=\"font-weight: 400;\"><img decoding=\"async\" class=\"size-medium wp-image-10788 alignright lazyload\" data-src=\"https:\/\/defrentealaverdad.com\/wp-content\/uploads\/2023\/12\/Bella-Guridi-y-Eduardo-Garcia-300x200.jpg\" alt=\"\" width=\"300\" height=\"200\" data-srcset=\"https:\/\/defrentealaverdad.com\/wp-content\/uploads\/2023\/12\/Bella-Guridi-y-Eduardo-Garcia-300x200.jpg 300w, https:\/\/defrentealaverdad.com\/wp-content\/uploads\/2023\/12\/Bella-Guridi-y-Eduardo-Garcia-768x512.jpg 768w, https:\/\/defrentealaverdad.com\/wp-content\/uploads\/2023\/12\/Bella-Guridi-y-Eduardo-Garcia.jpg 1024w\" data-sizes=\"(max-width: 300px) 100vw, 300px\" src=\"data:image\/svg+xml;base64,PHN2ZyB3aWR0aD0iMSIgaGVpZ2h0PSIxIiB4bWxucz0iaHR0cDovL3d3dy53My5vcmcvMjAwMC9zdmciPjwvc3ZnPg==\" style=\"--smush-placeholder-width: 300px; --smush-placeholder-aspect-ratio: 300\/200;\" \/><\/p>\n<p style=\"font-weight: 400;\"><strong>Acerca de Sembra<\/strong><\/p>\n<p style=\"font-weight: 400;\">Sembra Agencia de Vinos es una boutique de vinos que opera en el pa\u00eds desde inicios del a\u00f1o 2014. Sus marcas se caracterizan por reflejar la historia de los pueblos de donde provienen y la pasi\u00f3n por los detalles, la constancia y la paciencia que ponen en su producci\u00f3n los viticultores.<strong>\u00a0<\/strong>Actualmente, Sembra representa diferentes bodegas de apego al \u201cterroir\u201d, tales como Tarima, Remelluri, G\u00f3mez-Cruzado, Ravent\u00f3s i Blanc, Pere Mata, Emiliana Org\u00e1nico, Albert Bichot y G\u00e9rard Bertrand, Ron Matusalem, entre otras.<\/p>\n<p style=\"font-weight: 400;\">El portafolio completo de Sembra Agencia de Vinos puede consultarse en su sitio web<a href=\"http:\/\/www.sembravinos.com\/\" data-saferedirecturl=\"https:\/\/www.google.com\/url?q=http:\/\/www.sembravinos.com\/&amp;source=gmail&amp;ust=1702688621712000&amp;usg=AOvVaw3CqIvQ-vG9uwB7WJDNN_xg\">\u00a0www.sembravinos.com<\/a>\u00a0o en su cuenta de Instagram, @SembraRD.<\/p>\n<p style=\"font-weight: 400;\">Fuente: Laura Minyetty<\/p>\n","protected":false},"excerpt":{"rendered":"<p>\u00a0\u00a0La experiencia gastron\u00f3mica estuvo a cargo del\u00a0celebrado\u00a0Chef Rams\u00e9s N\u00fa\u00f1ez, experto en la materia y egresado<\/p>\n","protected":false},"author":4,"featured_media":0,"comment_status":"open","ping_status":"open","sticky":false,"template":"","format":"standard","meta":{"footnotes":""},"categories":[7],"tags":[],"class_list":["post-10787","post","type-post","status-publish","format-standard","hentry","category-nacionales"],"_links":{"self":[{"href":"https:\/\/defrentealaverdad.com\/index.php\/wp-json\/wp\/v2\/posts\/10787","targetHints":{"allow":["GET"]}}],"collection":[{"href":"https:\/\/defrentealaverdad.com\/index.php\/wp-json\/wp\/v2\/posts"}],"about":[{"href":"https:\/\/defrentealaverdad.com\/index.php\/wp-json\/wp\/v2\/types\/post"}],"author":[{"embeddable":true,"href":"https:\/\/defrentealaverdad.com\/index.php\/wp-json\/wp\/v2\/users\/4"}],"replies":[{"embeddable":true,"href":"https:\/\/defrentealaverdad.com\/index.php\/wp-json\/wp\/v2\/comments?post=10787"}],"version-history":[{"count":1,"href":"https:\/\/defrentealaverdad.com\/index.php\/wp-json\/wp\/v2\/posts\/10787\/revisions"}],"predecessor-version":[{"id":10790,"href":"https:\/\/defrentealaverdad.com\/index.php\/wp-json\/wp\/v2\/posts\/10787\/revisions\/10790"}],"wp:attachment":[{"href":"https:\/\/defrentealaverdad.com\/index.php\/wp-json\/wp\/v2\/media?parent=10787"}],"wp:term":[{"taxonomy":"category","embeddable":true,"href":"https:\/\/defrentealaverdad.com\/index.php\/wp-json\/wp\/v2\/categories?post=10787"},{"taxonomy":"post_tag","embeddable":true,"href":"https:\/\/defrentealaverdad.com\/index.php\/wp-json\/wp\/v2\/tags?post=10787"}],"curies":[{"name":"wp","href":"https:\/\/api.w.org\/{rel}","templated":true}]}}