{"id":10785,"date":"2023-12-14T01:03:38","date_gmt":"2023-12-14T01:03:38","guid":{"rendered":"https:\/\/defrentealaverdad.com\/?p=10785"},"modified":"2023-12-15T01:04:57","modified_gmt":"2023-12-15T01:04:57","slug":"map-establece-cuales-servidores-publicos-deben-de-solicitar-licencia-para-asumir-candidatura-en-elecciones","status":"publish","type":"post","link":"https:\/\/defrentealaverdad.com\/index.php\/2023\/12\/14\/map-establece-cuales-servidores-publicos-deben-de-solicitar-licencia-para-asumir-candidatura-en-elecciones\/","title":{"rendered":"MAP establece cuales servidores p\u00fablicos deben de solicitar licencia para asumir candidatura en elecciones"},"content":{"rendered":"<div class=\"overview-header\"><\/div>\n<div class=\"overview-content\" tabindex=\"0\">\n<div class=\"article hentry  \">\n<div class=\"article-content entry-content\">\n<div style=\"text-align: justify;\"><\/div>\n<div style=\"text-align: justify;\">\n<blockquote>\n<div class=\"separator\">El documento se\u00f1ala que esos funcionarios y servidores p\u00fablicos que participen en ambos niveles electorales ser\u00e1n reintegrados a sus funciones al d\u00eda siguiente de las elecciones que le corresponda (febrero o mayo)<\/div>\n<\/blockquote>\n<\/div>\n<div style=\"text-align: justify;\">\n<div><\/div>\n<div>Santo Domingo, RD.\u2013 El Ministerio de Administraci\u00f3n P\u00fablica (MAP) emiti\u00f3 una circular en donde se establecen los lineamientos a seguir para la aplicaci\u00f3n de suspensi\u00f3n en funciones o licencias especiales para candidatos a ocupar cargos de elecci\u00f3n popular, que sean funcionarios o servidores p\u00fablicos.<\/div>\n<div><\/div>\n<div>De acuerdo con lo establecido en las diferentes leyes que regulan la participaci\u00f3n de los funcionarios o servidores p\u00fablicos en las elecciones generales, el MAP indic\u00f3 que se except\u00faan de la suspensi\u00f3n en servicio y de la necesidad de tomar licencias especiales, los postulados a tales cargos municipales o congresuales, que, al momento de la aceptaci\u00f3n de sus candidaturas se desempe\u00f1en como servidores p\u00fablicos que ocupan cargos que no tengan jerarqu\u00eda y no manejen fondos p\u00fablicos; al igual que aquellos servidores p\u00fablicos que ocupen cargos electivos, los que no podr\u00e1n prevalerse de su condici\u00f3n en actos p\u00fablicos o ante los medios de comunicaci\u00f3n, seg\u00fan lo dispuesto por el art\u00edculo 145, p\u00e1rrafo III y IV, de la citada Ley n\u00fam. 20-23.<\/div>\n<div><\/div>\n<div><a href=\"https:\/\/blogger.googleusercontent.com\/img\/b\/R29vZ2xl\/AVvXsEiryb65dvz8wBv12NoCmKwlRv-Q5tcL6VHpWFuinHlLPWx-MJZ5I01ilME2mXgN8LMObisqF90Uxuf28uCJtbJwDCL3iG0zFSgm1ixi2tnxxM8i0qOt7ug5lI8OSILhzzrTd0MnV4_swwNnbymVhSNHxtf3f1Mf_beHYP_waoRIUqxeztl2z41DhF0ofJQ\/s420\/IMG-20231214-WA0167.jpg\"><img decoding=\"async\" class=\"alignleft lazyload\" data-src=\"https:\/\/blogger.googleusercontent.com\/img\/b\/R29vZ2xl\/AVvXsEiryb65dvz8wBv12NoCmKwlRv-Q5tcL6VHpWFuinHlLPWx-MJZ5I01ilME2mXgN8LMObisqF90Uxuf28uCJtbJwDCL3iG0zFSgm1ixi2tnxxM8i0qOt7ug5lI8OSILhzzrTd0MnV4_swwNnbymVhSNHxtf3f1Mf_beHYP_waoRIUqxeztl2z41DhF0ofJQ\/w400-h266\/IMG-20231214-WA0167.jpg\" width=\"400\" height=\"266\" border=\"0\" data-original-height=\"280\" data-original-width=\"420\" src=\"data:image\/svg+xml;base64,PHN2ZyB3aWR0aD0iMSIgaGVpZ2h0PSIxIiB4bWxucz0iaHR0cDovL3d3dy53My5vcmcvMjAwMC9zdmciPjwvc3ZnPg==\" style=\"--smush-placeholder-width: 400px; --smush-placeholder-aspect-ratio: 400\/266;\" \/><\/a><\/div>\n<div>La circular firmada por el Ministro de Administraci\u00f3n P\u00fablica, Dar\u00edo Castillo Lugo, se\u00f1ala que los candidatos a cargos municipales o congresuales, que ocupen cargos de alto nivel seg\u00fan lo dispuesto en el art\u00edculo 20 de la Ley n\u00fam. 41 -OB. de Funci\u00f3n P\u00fablica, los cuales son de libre nombramiento y cuya designaci\u00f3n corresponde al Presidente de la Rep\u00fablica, en su condici\u00f3n de jefe de gobierno, seg\u00fan lo dispuesto en el art\u00edculo 128 de la Constituci\u00f3n, ser\u00e1n sustituidos de manera interina mediante decreto del Presidente de la Rep\u00fablica, por un periodo Igual a la suspensi\u00f3n en servido o licencia especial.<\/div>\n<div><\/div>\n<div>Todos los funcionarios p\u00fablicos que tienen jerarqu\u00eda y manejan fondos p\u00fablicos, del gobierno central, de los organismos desconcentrados y aut\u00f3nomos del Estado, as\u00ed como de los Ayuntamientos y Juntas de Distritos Municipales, cuya postulaci\u00f3n a cargos electivos, hayan sido aceptadas por la Junta Central Electoral (JCE) y las Juntas Electorales correspondientes, quedaran suspendidos en sus funciones sin disfrute de sueldo, desde el d\u00eda de la aceptaci\u00f3n de dicha candidatura, hasta el d\u00eda siguiente de las elecciones a la que aspiren.<\/div>\n<div><\/div>\n<div>Los candidatos a cargos municipales de Alcaldes, V\u00edcealcaldesa, Regidores, Directores de Juntas de Distritos Municipales, Suplentes y Vocales que tengan que tomar la licencia debido a sus funciones como servidor p\u00fablico, ser\u00e1n excluidos de las n\u00f3minas de los meses de enero y febrero de 2024; en el caso de los candidatos a los niveles senatorial y de diputaciones, cuyas propuestas de candidaturas deber\u00e1n ser presentadas a la JCE a m\u00e1s tardar 15 d\u00edas despu\u00e9s de las elecciones municipales (art\u00edculo 147, Ley 20-23), que est\u00e9n en la misma condici\u00f3n deber\u00e1n ser excluidos de las n\u00f3minas de los meses de marzo, abril y mayo de 2024.<\/div>\n<div><\/div>\n<div>El documento se\u00f1ala que esos funcionarios y servidores p\u00fablicos que participen en ambos niveles electorales ser\u00e1n reintegrados a sus funciones al d\u00eda siguiente de las elecciones que le corresponda (febrero o mayo).<\/div>\n<\/div>\n<\/div>\n<\/div>\n<\/div>\n<div style=\"text-align: justify;\"><\/div>\n<div style=\"text-align: justify;\">Fuente: Dir. Comunicaciones MAP<\/div>\n","protected":false},"excerpt":{"rendered":"<p>El documento se\u00f1ala que esos funcionarios y servidores p\u00fablicos que participen en ambos niveles electorales<\/p>\n","protected":false},"author":1,"featured_media":0,"comment_status":"open","ping_status":"open","sticky":false,"template":"","format":"standard","meta":{"footnotes":""},"categories":[7],"tags":[],"class_list":["post-10785","post","type-post","status-publish","format-standard","hentry","category-nacionales"],"_links":{"self":[{"href":"https:\/\/defrentealaverdad.com\/index.php\/wp-json\/wp\/v2\/posts\/10785","targetHints":{"allow":["GET"]}}],"collection":[{"href":"https:\/\/defrentealaverdad.com\/index.php\/wp-json\/wp\/v2\/posts"}],"about":[{"href":"https:\/\/defrentealaverdad.com\/index.php\/wp-json\/wp\/v2\/types\/post"}],"author":[{"embeddable":true,"href":"https:\/\/defrentealaverdad.com\/index.php\/wp-json\/wp\/v2\/users\/1"}],"replies":[{"embeddable":true,"href":"https:\/\/defrentealaverdad.com\/index.php\/wp-json\/wp\/v2\/comments?post=10785"}],"version-history":[{"count":1,"href":"https:\/\/defrentealaverdad.com\/index.php\/wp-json\/wp\/v2\/posts\/10785\/revisions"}],"predecessor-version":[{"id":10786,"href":"https:\/\/defrentealaverdad.com\/index.php\/wp-json\/wp\/v2\/posts\/10785\/revisions\/10786"}],"wp:attachment":[{"href":"https:\/\/defrentealaverdad.com\/index.php\/wp-json\/wp\/v2\/media?parent=10785"}],"wp:term":[{"taxonomy":"category","embeddable":true,"href":"https:\/\/defrentealaverdad.com\/index.php\/wp-json\/wp\/v2\/categories?post=10785"},{"taxonomy":"post_tag","embeddable":true,"href":"https:\/\/defrentealaverdad.com\/index.php\/wp-json\/wp\/v2\/tags?post=10785"}],"curies":[{"name":"wp","href":"https:\/\/api.w.org\/{rel}","templated":true}]}}