{"id":10780,"date":"2023-12-14T00:59:03","date_gmt":"2023-12-14T00:59:03","guid":{"rendered":"https:\/\/defrentealaverdad.com\/?p=10780"},"modified":"2023-12-15T01:00:19","modified_gmt":"2023-12-15T01:00:19","slug":"camicissima-celebra-su-segundo-aniversario-con-nueva-sucursal-en-downtown-center","status":"publish","type":"post","link":"https:\/\/defrentealaverdad.com\/index.php\/2023\/12\/14\/camicissima-celebra-su-segundo-aniversario-con-nueva-sucursal-en-downtown-center\/","title":{"rendered":"Camicissima celebra su segundo aniversario con nueva sucursal en Downtown Center"},"content":{"rendered":"<blockquote>\n<figure class=\"post-thumbnail\">La marca de prendas italianas masculinas y femeninas de alta calidad, tambi\u00e9n ofrece diversidad en prendas y accesorios.<\/figure>\n<\/blockquote>\n<div class=\"entry-content\">\n<p><strong>Santo Domingo.\u00a0<\/strong>De la mano de Altron Stores, en una hermosa velada nocturna del mi\u00e9rcoles 13 de noviembre, se llev\u00f3 a cabo la apertura de la nueva sucursal en el nivel 2 de Downtown Center de la prestigiosa marca italiana Camicissima, celebrando adem\u00e1s dos a\u00f1os de operaciones en Rep\u00fablica Dominicana.<\/p>\n<div id=\"advads-728684149f3640a5dc72aa4a40af9aa6\" class=\"advads-728684149f3640a5dc72aa4a40af9aa6 advads-content-first-paragraph\"><img decoding=\"async\" class=\"post-thumbnail__img wp-post-image alignleft lazyload\" data-src=\"https:\/\/robertocavada.com\/wp-content\/uploads\/2023\/12\/Apertura-2-tienda-camicissima-Eudy-Collado-Edwin-Pereyra-Directivos-Dowtown-Center-Personal-camicissima--770x540.jpg\" alt=\"Camicissima celebra su segundo aniversario con nueva sucursal en Downtown Center\" width=\"770\" height=\"540\" src=\"data:image\/svg+xml;base64,PHN2ZyB3aWR0aD0iMSIgaGVpZ2h0PSIxIiB4bWxucz0iaHR0cDovL3d3dy53My5vcmcvMjAwMC9zdmciPjwvc3ZnPg==\" style=\"--smush-placeholder-width: 770px; --smush-placeholder-aspect-ratio: 770\/540;\" \/><\/div>\n<p>Empresarios, gerentes y amigos, se dieron cita en la tienda de la concurrida plaza comercial, entre ellos ejecutivos de la marca Eudy Collado y Edwin Pereyra, representantes de Downtown Center Christina Gilleland (Directora General) y Marjorie Franco (Directora Comercial), adem\u00e1s de figuras p\u00fablicas y artistas como Lisbeth Santos, Yansel Pujols, Jochy Santos, Yohan Amparo, quienes visitaron Camicissima para compartir las buenas noticias y complementar sus outfits de navidad y fin de a\u00f1o.<\/p>\n<p>Camicissima, inici\u00f3 sus operaciones en RD en 2021, respaldados por Altron Stores operadora de franquicias a nivel regional, con prendas italianas espec\u00edficamente de la localidad de Milano.<\/p>\n<p>Dentro de su l\u00ednea cl\u00e1sica, Camicissima ofrece piezas de gala, las destacadas camisas \u201cNo Iron\u201d (no necesitan planchado) y las acostumbradas camisas cl\u00e1sicas, con una amplia variedad de dise\u00f1os y colores tradicionales y de temporada, Adem\u00e1s, Camicissima innova con piezas juveniles y c\u00f3modas que pueden acoplarse a salidas frescas y eventos playeros con toda la elegancia de la marca italiana, tambi\u00e9n destac\u00e1ndose por vestir al empresario, profesional, ejecutivo y tambi\u00e9n al joven elegante.<\/p>\n<p>Las tiendas siempre ofrecen diversas opciones de compra y eventualmente realizan descuentos en algunas de sus prendas.<\/p>\n<p>Fuente: Equipo Prensa Camicissima<\/p>\n<\/div>\n","protected":false},"excerpt":{"rendered":"<p>La marca de prendas italianas masculinas y femeninas de alta calidad, tambi\u00e9n ofrece diversidad en<\/p>\n","protected":false},"author":2,"featured_media":0,"comment_status":"open","ping_status":"open","sticky":false,"template":"","format":"standard","meta":{"footnotes":""},"categories":[13],"tags":[],"class_list":["post-10780","post","type-post","status-publish","format-standard","hentry","category-sociales"],"_links":{"self":[{"href":"https:\/\/defrentealaverdad.com\/index.php\/wp-json\/wp\/v2\/posts\/10780","targetHints":{"allow":["GET"]}}],"collection":[{"href":"https:\/\/defrentealaverdad.com\/index.php\/wp-json\/wp\/v2\/posts"}],"about":[{"href":"https:\/\/defrentealaverdad.com\/index.php\/wp-json\/wp\/v2\/types\/post"}],"author":[{"embeddable":true,"href":"https:\/\/defrentealaverdad.com\/index.php\/wp-json\/wp\/v2\/users\/2"}],"replies":[{"embeddable":true,"href":"https:\/\/defrentealaverdad.com\/index.php\/wp-json\/wp\/v2\/comments?post=10780"}],"version-history":[{"count":1,"href":"https:\/\/defrentealaverdad.com\/index.php\/wp-json\/wp\/v2\/posts\/10780\/revisions"}],"predecessor-version":[{"id":10781,"href":"https:\/\/defrentealaverdad.com\/index.php\/wp-json\/wp\/v2\/posts\/10780\/revisions\/10781"}],"wp:attachment":[{"href":"https:\/\/defrentealaverdad.com\/index.php\/wp-json\/wp\/v2\/media?parent=10780"}],"wp:term":[{"taxonomy":"category","embeddable":true,"href":"https:\/\/defrentealaverdad.com\/index.php\/wp-json\/wp\/v2\/categories?post=10780"},{"taxonomy":"post_tag","embeddable":true,"href":"https:\/\/defrentealaverdad.com\/index.php\/wp-json\/wp\/v2\/tags?post=10780"}],"curies":[{"name":"wp","href":"https:\/\/api.w.org\/{rel}","templated":true}]}}