{"id":10772,"date":"2023-12-14T00:52:00","date_gmt":"2023-12-14T00:52:00","guid":{"rendered":"https:\/\/defrentealaverdad.com\/?p=10772"},"modified":"2023-12-15T00:53:16","modified_gmt":"2023-12-15T00:53:16","slug":"grabo-estilo-recibe-sello-bronce-igualando-rd-otorgado-por-el-pnud-y-ministerio-de-la-mujer","status":"publish","type":"post","link":"https:\/\/defrentealaverdad.com\/index.php\/2023\/12\/14\/grabo-estilo-recibe-sello-bronce-igualando-rd-otorgado-por-el-pnud-y-ministerio-de-la-mujer\/","title":{"rendered":"Grabo Estilo recibe sello bronce \u201cIgualando RD\u201d otorgado por el PNUD y Ministerio de la Mujer"},"content":{"rendered":"<p class=\"single-subtitle\"><strong>Es la primera empresa del sector en recibir esta certificaci\u00f3n que se implementa en el pa\u00eds desde 2013<\/strong><\/p>\n<div class=\"single-redes\">\n<div class=\"addthis_inline_share_toolbox_096a\">Rep\u00fablica Dominicana.- Grabo Estilo, l\u00edder de la industria promocional en uniformes, regalos corporativos, marcas de lujo, promocionales, placas y trofeos recientemente se convirti\u00f3 en la primera empresa del sector en recibir la certificaci\u00f3n del sello de igualdad en la categor\u00eda \u201cBronce\u201d por su compromiso y trabajo de promover la igualdad de g\u00e9nero en todas sus pol\u00edticas.<\/div>\n<\/div>\n<div class=\"nota\">\n<p><img decoding=\"async\" class=\"wp-image-335176 alignleft lazyload\" data-src=\"https:\/\/proceso.com.do\/wp-content\/uploads\/2023\/12\/IMG-20231214-WA0087-650x400.jpg\" alt=\"\" width=\"650\" height=\"400\" src=\"data:image\/svg+xml;base64,PHN2ZyB3aWR0aD0iMSIgaGVpZ2h0PSIxIiB4bWxucz0iaHR0cDovL3d3dy53My5vcmcvMjAwMC9zdmciPjwvc3ZnPg==\" style=\"--smush-placeholder-width: 650px; --smush-placeholder-aspect-ratio: 650\/400;\" \/>Este sello que permite a las empresas optar por una certificaci\u00f3n del Instituto Dominicano de Calidad (INDOCAL) a trav\u00e9s de la NORDOM 775; tambi\u00e9n le fue otorgado por las actividades internas que la empresa realiza con el fin de promover acciones para eliminar las brechas de g\u00e9nero e incrementar la participaci\u00f3n y las oportunidades laborales equitativas entre mujeres y hombres.<\/p>\n<p>Dicho reconocimiento se implementa en el pa\u00eds desde 2013, como una pol\u00edtica p\u00fablica transversal en el enfoque de igualdad de derechos y oportunidades en la gesti\u00f3n empresarial, partiendo de la iniciativa Global\/regional del PNUD para empresas.<\/p>\n<p>Sulin Lantigua de Glass, vicepresidente de Grabo Estilo y ejecutiva del comit\u00e9 del Sello de la empresa manifest\u00f3 que est\u00e1n honrados de recibir este reconocimiento, que es el resultado de un arduo trabajo de dos a\u00f1os aplicando esa normativa que sin lugar a dudas sienten que suman grandes valores a su personal lo que se refleja en una mejor imagen y resultado ante la sociedad.<\/p>\n<p>Dijo que en Grabo Estilo los empleados laboran en un ambiente de trabajo, con salud y calidad de vida, sin acoso moral ni sexual. \u201cTodos reciben capacitaci\u00f3n, conciliaci\u00f3n laboral familiar y laboral; adaptabilidad para ejercer diferentes \u00e1reas de trabajo\u201d; adem\u00e1s realizan mejoras en infraestructura, entre otras importantes acciones son las que se han sumado para obtener este Sello.<\/p>\n<p>El premio \u201cSello Igualando RD\u201d fue entregado por el Ministerio de la Mujer y el Programa de las Naciones Unidas para el Desarrollo (PNUD) a 21 empresas por su compromiso y trabajo de promover la igualdad de g\u00e9nero dentro del ambiente laboral, en un acto que concit\u00f3 la presencia de los principales ejecutivos de empresas del sector privado.<\/p>\n<\/div>\n<p>&nbsp;<\/p>\n<p>Fuente: Equipo de Prensa Grabo Estilo<\/p>\n","protected":false},"excerpt":{"rendered":"<p>Es la primera empresa del sector en recibir esta certificaci\u00f3n que se implementa en el<\/p>\n","protected":false},"author":2,"featured_media":0,"comment_status":"open","ping_status":"open","sticky":false,"template":"","format":"standard","meta":{"footnotes":""},"categories":[7],"tags":[],"class_list":["post-10772","post","type-post","status-publish","format-standard","hentry","category-nacionales"],"_links":{"self":[{"href":"https:\/\/defrentealaverdad.com\/index.php\/wp-json\/wp\/v2\/posts\/10772","targetHints":{"allow":["GET"]}}],"collection":[{"href":"https:\/\/defrentealaverdad.com\/index.php\/wp-json\/wp\/v2\/posts"}],"about":[{"href":"https:\/\/defrentealaverdad.com\/index.php\/wp-json\/wp\/v2\/types\/post"}],"author":[{"embeddable":true,"href":"https:\/\/defrentealaverdad.com\/index.php\/wp-json\/wp\/v2\/users\/2"}],"replies":[{"embeddable":true,"href":"https:\/\/defrentealaverdad.com\/index.php\/wp-json\/wp\/v2\/comments?post=10772"}],"version-history":[{"count":1,"href":"https:\/\/defrentealaverdad.com\/index.php\/wp-json\/wp\/v2\/posts\/10772\/revisions"}],"predecessor-version":[{"id":10773,"href":"https:\/\/defrentealaverdad.com\/index.php\/wp-json\/wp\/v2\/posts\/10772\/revisions\/10773"}],"wp:attachment":[{"href":"https:\/\/defrentealaverdad.com\/index.php\/wp-json\/wp\/v2\/media?parent=10772"}],"wp:term":[{"taxonomy":"category","embeddable":true,"href":"https:\/\/defrentealaverdad.com\/index.php\/wp-json\/wp\/v2\/categories?post=10772"},{"taxonomy":"post_tag","embeddable":true,"href":"https:\/\/defrentealaverdad.com\/index.php\/wp-json\/wp\/v2\/tags?post=10772"}],"curies":[{"name":"wp","href":"https:\/\/api.w.org\/{rel}","templated":true}]}}