{"id":10767,"date":"2023-12-14T00:48:54","date_gmt":"2023-12-14T00:48:54","guid":{"rendered":"https:\/\/defrentealaverdad.com\/?p=10767"},"modified":"2023-12-15T00:51:19","modified_gmt":"2023-12-15T00:51:19","slug":"caribbean-chess-academy-realiza-torneo-de-ajedrez-infantil-este-sabado-16-de-diciembre-en-acropolis","status":"publish","type":"post","link":"https:\/\/defrentealaverdad.com\/index.php\/2023\/12\/14\/caribbean-chess-academy-realiza-torneo-de-ajedrez-infantil-este-sabado-16-de-diciembre-en-acropolis\/","title":{"rendered":"Caribbean Chess Academy Realiza torneo de ajedrez infantil este s\u00e1bado 16 de Diciembre en Acr\u00f3polis"},"content":{"rendered":"<p style=\"text-align: justify;\">Santo Domingo.- Este S\u00e1bado 16 de Diciembre, la magia del ajedrez se despierta con el TORNEO INFANTIL en las categor\u00edas sub 8, sub 10, sub 12 y sub 14, dedicado a los j\u00f3venes prodigios del tablero.<\/p>\n<p style=\"text-align: justify;\"><img decoding=\"async\" class=\"size-medium wp-image-10769 alignright lazyload\" data-src=\"https:\/\/defrentealaverdad.com\/wp-content\/uploads\/2023\/12\/WhatsApp-Image-2023-12-14-at-10.16.22-300x295.jpeg\" alt=\"\" width=\"300\" height=\"295\" data-srcset=\"https:\/\/defrentealaverdad.com\/wp-content\/uploads\/2023\/12\/WhatsApp-Image-2023-12-14-at-10.16.22-300x295.jpeg 300w, https:\/\/defrentealaverdad.com\/wp-content\/uploads\/2023\/12\/WhatsApp-Image-2023-12-14-at-10.16.22-1024x1007.jpeg 1024w, https:\/\/defrentealaverdad.com\/wp-content\/uploads\/2023\/12\/WhatsApp-Image-2023-12-14-at-10.16.22-768x756.jpeg 768w, https:\/\/defrentealaverdad.com\/wp-content\/uploads\/2023\/12\/WhatsApp-Image-2023-12-14-at-10.16.22.jpeg 1170w\" data-sizes=\"(max-width: 300px) 100vw, 300px\" src=\"data:image\/svg+xml;base64,PHN2ZyB3aWR0aD0iMSIgaGVpZ2h0PSIxIiB4bWxucz0iaHR0cDovL3d3dy53My5vcmcvMjAwMC9zdmciPjwvc3ZnPg==\" style=\"--smush-placeholder-width: 300px; --smush-placeholder-aspect-ratio: 300\/295;\" \/><\/p>\n<p style=\"text-align: justify;\">Un d\u00eda lleno de alegr\u00eda, oncentraci\u00f3n y descubrimientos aguarda a todos los peque\u00f1os talentos que se aventuren en el fascinante mundo del ajedrez. La competici\u00f3n no solo ser\u00e1 un desaf\u00edo estrat\u00e9gico, sino tambi\u00e9n una oportunidad para forjar amistades y aprender valiosas lecciones de juego limpio.<\/p>\n<p style=\"text-align: justify;\"><strong>Detalles del Evento:<\/strong><\/p>\n<ul style=\"text-align: justify;\">\n<li style=\"text-align: justify;\">\u00a0Fecha: S\u00e1bado, 16 de Diciembre<\/li>\n<li style=\"text-align: justify;\">Categor\u00edas: Sub 8, Sub 10, Sub 12, Sub 14<\/li>\n<li style=\"text-align: justify;\">Ubicaci\u00f3n: Acropolis Business Mall<\/li>\n<\/ul>\n<p style=\"text-align: justify;\"><strong>Actividades Destacadas:<\/strong><\/p>\n<ul style=\"text-align: justify;\">\n<li>???? Premios en medallas para los participantes destacados.<\/li>\n<li>???? Momentos de compa\u00f1erismo y diversi\u00f3n para todas las edades.<\/li>\n<li>???? Desarrollo de habilidades cognitivas a trav\u00e9s del ajedrez.<\/li>\n<\/ul>\n<p style=\"text-align: justify;\">\u00danete a la Emoci\u00f3n: Te invitamos a ser parte de este d\u00eda memorable, donde los j\u00f3venes maestros del tablero demostrar\u00e1n su destreza y pasi\u00f3n por el ajedrez. \u00a1Ven y celebremos juntos la magia del juego! Para m\u00e1s informaci\u00f3n, ponte en contacto al 849-440-3222 Caribbean Chess Academy<\/p>\n<p style=\"text-align: justify;\">#TorneoInfantilAjedrez #AjedrezParaNi\u00f1os #Emoci\u00f3nEnElTablero ????<\/p>\n<p style=\"text-align: justify;\">Fuente: Wal Polanco<\/p>\n","protected":false},"excerpt":{"rendered":"<p>Santo Domingo.- Este S\u00e1bado 16 de Diciembre, la magia del ajedrez se despierta con el<\/p>\n","protected":false},"author":4,"featured_media":0,"comment_status":"open","ping_status":"open","sticky":false,"template":"","format":"standard","meta":{"footnotes":""},"categories":[13],"tags":[],"class_list":["post-10767","post","type-post","status-publish","format-standard","hentry","category-sociales"],"_links":{"self":[{"href":"https:\/\/defrentealaverdad.com\/index.php\/wp-json\/wp\/v2\/posts\/10767","targetHints":{"allow":["GET"]}}],"collection":[{"href":"https:\/\/defrentealaverdad.com\/index.php\/wp-json\/wp\/v2\/posts"}],"about":[{"href":"https:\/\/defrentealaverdad.com\/index.php\/wp-json\/wp\/v2\/types\/post"}],"author":[{"embeddable":true,"href":"https:\/\/defrentealaverdad.com\/index.php\/wp-json\/wp\/v2\/users\/4"}],"replies":[{"embeddable":true,"href":"https:\/\/defrentealaverdad.com\/index.php\/wp-json\/wp\/v2\/comments?post=10767"}],"version-history":[{"count":2,"href":"https:\/\/defrentealaverdad.com\/index.php\/wp-json\/wp\/v2\/posts\/10767\/revisions"}],"predecessor-version":[{"id":10770,"href":"https:\/\/defrentealaverdad.com\/index.php\/wp-json\/wp\/v2\/posts\/10767\/revisions\/10770"}],"wp:attachment":[{"href":"https:\/\/defrentealaverdad.com\/index.php\/wp-json\/wp\/v2\/media?parent=10767"}],"wp:term":[{"taxonomy":"category","embeddable":true,"href":"https:\/\/defrentealaverdad.com\/index.php\/wp-json\/wp\/v2\/categories?post=10767"},{"taxonomy":"post_tag","embeddable":true,"href":"https:\/\/defrentealaverdad.com\/index.php\/wp-json\/wp\/v2\/tags?post=10767"}],"curies":[{"name":"wp","href":"https:\/\/api.w.org\/{rel}","templated":true}]}}