{"id":10761,"date":"2023-12-14T02:11:01","date_gmt":"2023-12-14T02:11:01","guid":{"rendered":"https:\/\/defrentealaverdad.com\/?p=10761"},"modified":"2023-12-14T02:11:01","modified_gmt":"2023-12-14T02:11:01","slug":"fundacion-jc-inspires-realiza-cena-benefica","status":"publish","type":"post","link":"https:\/\/defrentealaverdad.com\/index.php\/2023\/12\/14\/fundacion-jc-inspires-realiza-cena-benefica\/","title":{"rendered":"Fundaci\u00f3n JC Inspires realiza cena ben\u00e9fica"},"content":{"rendered":"<div class=\"post-meta\" style=\"text-align: justify;\"><a href=\"https:\/\/lh3.googleusercontent.com\/-1J_ffoUJ9nY\/ZXngKltq1QI\/AAAAAAAB-ts\/_wj59ti8k78A2kQXcvtrBRTVqKkcgqQawCNcBGAsYHQ\/s1600\/Principal.jpg\"><img decoding=\"async\" class=\"alignleft lazyload\" data-src=\"https:\/\/lh3.googleusercontent.com\/-1J_ffoUJ9nY\/ZXngKltq1QI\/AAAAAAAB-ts\/_wj59ti8k78A2kQXcvtrBRTVqKkcgqQawCNcBGAsYHQ\/s1600\/Principal.jpg\" width=\"240\" height=\"320\" border=\"0\" data-original-height=\"320\" data-original-width=\"240\" src=\"data:image\/svg+xml;base64,PHN2ZyB3aWR0aD0iMSIgaGVpZ2h0PSIxIiB4bWxucz0iaHR0cDovL3d3dy53My5vcmcvMjAwMC9zdmciPjwvc3ZnPg==\" style=\"--smush-placeholder-width: 240px; --smush-placeholder-aspect-ratio: 240\/320;\" \/><\/a><\/div>\n<div class=\"post-body post-content\">\n<blockquote>\n<p dir=\"ltr\">Esta cena fue realizada a favor de los ni\u00f1os alrededor del mundo<\/p>\n<\/blockquote>\n<p dir=\"ltr\" style=\"text-align: justify;\"><b>Miami. La Fundaci\u00f3n JC Inspires representada por su Presidenta Josephine Cancel, su Cofundador David Cancel , celebraron el pasado 09 de diciembre su primera cena ben\u00e9fica con la finalidad\u00a0 de poder recaudar\u00a0 fondos para continuar con su labor de seguir\u00a0 siendo fuente de inspiraci\u00f3n para los\u00a0 ni\u00f1os, ni\u00f1as y adolecente alrededor\u00a0 del mundo.\u00a0\u00a0<\/b><\/p>\n<p dir=\"ltr\" style=\"text-align: justify;\">El escenario fue el\u00a0EB Hotel\u00a0en Miami Fl. 4299 , donde diferentes personalidades se dieron cita a esta hermosa cena ben\u00e9fica dando el espaldarazo a\u00a0JC Inspire Foundation.<\/p>\n<div class=\"separator\" style=\"text-align: justify;\"><a href=\"https:\/\/lh3.googleusercontent.com\/-HeWo9BqhEZY\/ZXngLGaWx7I\/AAAAAAAB-tw\/TiG2irzHJhYLq2wIxNQ76woWSTTxQ3DkgCNcBGAsYHQ\/s1600\/Varias.jpg\"><img decoding=\"async\" class=\"alignright lazyload\" data-src=\"https:\/\/lh3.googleusercontent.com\/-HeWo9BqhEZY\/ZXngLGaWx7I\/AAAAAAAB-tw\/TiG2irzHJhYLq2wIxNQ76woWSTTxQ3DkgCNcBGAsYHQ\/s1600\/Varias.jpg\" width=\"320\" height=\"240\" border=\"0\" data-original-height=\"240\" data-original-width=\"320\" src=\"data:image\/svg+xml;base64,PHN2ZyB3aWR0aD0iMSIgaGVpZ2h0PSIxIiB4bWxucz0iaHR0cDovL3d3dy53My5vcmcvMjAwMC9zdmciPjwvc3ZnPg==\" style=\"--smush-placeholder-width: 320px; --smush-placeholder-aspect-ratio: 320\/240;\" \/><\/a><\/div>\n<p dir=\"ltr\" style=\"text-align: justify;\">La alfombra roja tuvo lugar a\u00a0 las 7:00pm donde desfilaron artistas, empresarios,\u00a0 personalidades desde M\u00e9xico, Colombia, Puerto Rico, Rep\u00fablica\u00a0 Dominicana amigos y allegados que al conocer esta hermosa labor que desarrolla la fundaci\u00f3n decidieron sumarse y aportar su granito de arena.<\/p>\n<p dir=\"ltr\" style=\"text-align: justify;\">La m\u00e1gica noche estuvo bajo la\u00a0 conducci\u00f3n de las comunicadoras\u00a0Patricia Izquierdo y Annia Batista. La parte\u00a0 art\u00edstica\u00a0 musical estuvo a cargo de\u00a0El\u00a0 Charro Gonzalez\u00a0, embajador\u00a0 de\u00a0 la cultura mexicana,\u00a0<b>Juan Murcia<\/b>,\u00a0<b>Fabrizzio<\/b>\u00a0y\u00a0<b>Shalimar<\/b>, la noche se visti\u00f3 de gala con la participaci\u00f3n del desfile de modas a cargo de la dise\u00f1adora de modas Peruana\u00a0<b>Maritza Guebara<br \/>\n<\/b><\/p>\n<div class=\"separator\" style=\"text-align: justify;\"><b><a href=\"https:\/\/lh3.googleusercontent.com\/-bxHJZcWd5Yg\/ZXngLe4C64I\/AAAAAAAB-t0\/YGF6RvkYBdAl6qQbRMQ9JQUNs_Z2rfiLACNcBGAsYHQ\/s1600\/Homenaje%2B.jpg\"><img decoding=\"async\" class=\"alignleft lazyload\" data-src=\"https:\/\/lh3.googleusercontent.com\/-bxHJZcWd5Yg\/ZXngLe4C64I\/AAAAAAAB-t0\/YGF6RvkYBdAl6qQbRMQ9JQUNs_Z2rfiLACNcBGAsYHQ\/s1600\/Homenaje%2B.jpg\" width=\"180\" height=\"320\" border=\"0\" data-original-height=\"320\" data-original-width=\"180\" src=\"data:image\/svg+xml;base64,PHN2ZyB3aWR0aD0iMSIgaGVpZ2h0PSIxIiB4bWxucz0iaHR0cDovL3d3dy53My5vcmcvMjAwMC9zdmciPjwvc3ZnPg==\" style=\"--smush-placeholder-width: 180px; --smush-placeholder-aspect-ratio: 180\/320;\" \/><\/a><\/b><\/div>\n<p dir=\"ltr\" style=\"text-align: justify;\">La noche fue propicia para\u00a0 hacerle un homenaje p\u00f3stumo a quien sirvi\u00f3 de inspiraci\u00f3n a\u00a0<b>Josephine Cancel<\/b>\u00a0dando paso posteriormente a\u00a0<b>JC Inspire Foundation<\/b>\u00a0el se\u00f1or\u00a0<b>Reynaldo Antonio Infante<\/b>.<\/p>\n<p dir=\"ltr\" style=\"text-align: justify;\"><b>Sobre<\/b>\u00a0<b>JC<\/b>\u00a0<b>INSPIRES<\/b>\u00a0<b>FOUNDATION<\/b><br \/>\nEste hermoso proyecto inici\u00f3 en el 2012 y se estableci\u00f3 oficialmente como una entidad sin fines de lucro 501(c) en 2019. Nuestra fundaci\u00f3n nace del compromiso de nuestra familia, inspirando a otros a trav\u00e9s del amor, la bondad y el desprendimiento. A lo largo de los a\u00f1os, hemos desarrollado proyectos y programas con la ayuda esencial de l\u00edderes y voluntarios, buscando mejorar la calidad de vida de los m\u00e1s necesitados mediante la capacitaci\u00f3n y soluciones pr\u00e1cticas.<\/p>\n<p dir=\"ltr\" style=\"text-align: justify;\">Nuestra\u00a0 misi\u00f3n es marcar una diferencia positiva en la vida de ni\u00f1os, ni\u00f1as, adolescentes, mujeres y familias en comunidades afectadas por la pobreza en el sur de Florida y otros pa\u00edses de Latinoam\u00e9rica. Proporcionamos alimentos, ropa y otras necesidades esenciales, junto con programas educativos y talleres para fomentar la autosuficiencia y un futuro mejor.<\/p>\n<p dir=\"ltr\" style=\"text-align: justify;\"><b>Nuestra<\/b>\u00a0\u00a0<b>Historia<\/b><br \/>\nJC Inspires se inspira en la figura de\u00a0Reynaldo Infante, un educador ejemplar y padre de\u00a0Josephine\u00a0Cancel\u00a0Fundadora . Su legado de servicio y valores familiares son la base de nuestra fundaci\u00f3n. Nuestros valores incluyen amor, compasi\u00f3n, motivaci\u00f3n, compromiso, educaci\u00f3n, constancia, servicio a los dem\u00e1s e inspiraci\u00f3n.<\/p>\n<p dir=\"ltr\" style=\"text-align: justify;\">Proyectos Actuales de JC Inspires Foundation .Iniciativas como \u00abEmpoderamiento de Mujeres y Ni\u00f1as\u00bb en Rep\u00fablica Dominicana y programas como \u00abHappy Faces\u00bb han tenido un impacto significativo, brindando apoyo a comunidades en el sur de Florida y a nivel internacional. Proyectos en Desarrollo para el Futuro.\u00a0\u00a0Estamos enfocados en expandir programas como \u00abHappy Faces\u00bb, colaborar con otras fundaciones y desarrollar proyectos educativos y tecnol\u00f3gicos<\/p>\n<p dir=\"ltr\" style=\"text-align: justify;\"><b>Nuestro<\/b>\u00a0<b>Equipo<\/b><br \/>\nLos fundadores, Josephine y David Cancel, junto con sus hijas y otros miembros esenciales del equipo, son arquitectos de transformaci\u00f3n dedicados a marcar una diferencia positiva en el mundo.<\/p>\n<p dir=\"ltr\" style=\"text-align: justify;\"><strong>Directores Regionales e Internacionales<\/strong><br \/>\nAurora Infante, en Rep\u00fablica Dominicana, y Marilyn Cancel, en Puerto Rico, desempe\u00f1an papeles cruciales coordinando esfuerzos y distribuciones. Edilio e Indira, en Massachusetts, y nuestros l\u00edderes en Sur Florida e internacional, contribuyen significativamente a nuestra misi\u00f3n. Iniciativas como \u00abHappy Faces\u00bb y \u00abToys For Tots\u00bb han beneficiado a miles de ni\u00f1os en diferentes pa\u00edses. Adem\u00e1s, proyectos como \u00abHelping Hands\u00bb y programas de prevenci\u00f3n COVID muestran nuestro compromiso con las comunidades, es\u00a0 por eso que te invitamos a\u00a0 seguirnos en las\u00a0 redes sociales y a apoyarnos @Jcinspiresfoundation.<\/p>\n<p dir=\"ltr\">Fuente: Herrera Farandula<\/p>\n<\/div>\n","protected":false},"excerpt":{"rendered":"<p>Esta cena fue realizada a favor de los ni\u00f1os alrededor del mundo Miami. La Fundaci\u00f3n<\/p>\n","protected":false},"author":2,"featured_media":0,"comment_status":"open","ping_status":"open","sticky":false,"template":"","format":"standard","meta":{"footnotes":""},"categories":[16],"tags":[],"class_list":["post-10761","post","type-post","status-publish","format-standard","hentry","category-internacionales"],"_links":{"self":[{"href":"https:\/\/defrentealaverdad.com\/index.php\/wp-json\/wp\/v2\/posts\/10761","targetHints":{"allow":["GET"]}}],"collection":[{"href":"https:\/\/defrentealaverdad.com\/index.php\/wp-json\/wp\/v2\/posts"}],"about":[{"href":"https:\/\/defrentealaverdad.com\/index.php\/wp-json\/wp\/v2\/types\/post"}],"author":[{"embeddable":true,"href":"https:\/\/defrentealaverdad.com\/index.php\/wp-json\/wp\/v2\/users\/2"}],"replies":[{"embeddable":true,"href":"https:\/\/defrentealaverdad.com\/index.php\/wp-json\/wp\/v2\/comments?post=10761"}],"version-history":[{"count":1,"href":"https:\/\/defrentealaverdad.com\/index.php\/wp-json\/wp\/v2\/posts\/10761\/revisions"}],"predecessor-version":[{"id":10762,"href":"https:\/\/defrentealaverdad.com\/index.php\/wp-json\/wp\/v2\/posts\/10761\/revisions\/10762"}],"wp:attachment":[{"href":"https:\/\/defrentealaverdad.com\/index.php\/wp-json\/wp\/v2\/media?parent=10761"}],"wp:term":[{"taxonomy":"category","embeddable":true,"href":"https:\/\/defrentealaverdad.com\/index.php\/wp-json\/wp\/v2\/categories?post=10761"},{"taxonomy":"post_tag","embeddable":true,"href":"https:\/\/defrentealaverdad.com\/index.php\/wp-json\/wp\/v2\/tags?post=10761"}],"curies":[{"name":"wp","href":"https:\/\/api.w.org\/{rel}","templated":true}]}}