{"id":10758,"date":"2023-12-13T02:07:43","date_gmt":"2023-12-13T02:07:43","guid":{"rendered":"https:\/\/defrentealaverdad.com\/?p=10758"},"modified":"2023-12-14T02:09:12","modified_gmt":"2023-12-14T02:09:12","slug":"la-fundacion-caminos-inclusivos-celebra-con-exito-su-cena-navidena-para-familias-con-discapacidad-visuales-y-auditivas-en-santo-domingo","status":"publish","type":"post","link":"https:\/\/defrentealaverdad.com\/index.php\/2023\/12\/13\/la-fundacion-caminos-inclusivos-celebra-con-exito-su-cena-navidena-para-familias-con-discapacidad-visuales-y-auditivas-en-santo-domingo\/","title":{"rendered":"La Fundaci\u00f3n Caminos Inclusivos celebra con \u00e9xito su Cena Navide\u00f1a para familias con discapacidad visuales y auditivas en Santo Domingo"},"content":{"rendered":"<p><img decoding=\"async\" class=\"size-medium wp-image-10759 alignleft lazyload\" data-src=\"https:\/\/defrentealaverdad.com\/wp-content\/uploads\/2023\/12\/WhatsApp-Image-2023-12-13-at-12.50.37-300x198.jpeg\" alt=\"\" width=\"300\" height=\"198\" data-srcset=\"https:\/\/defrentealaverdad.com\/wp-content\/uploads\/2023\/12\/WhatsApp-Image-2023-12-13-at-12.50.37-300x198.jpeg 300w, https:\/\/defrentealaverdad.com\/wp-content\/uploads\/2023\/12\/WhatsApp-Image-2023-12-13-at-12.50.37.jpeg 595w\" data-sizes=\"(max-width: 300px) 100vw, 300px\" src=\"data:image\/svg+xml;base64,PHN2ZyB3aWR0aD0iMSIgaGVpZ2h0PSIxIiB4bWxucz0iaHR0cDovL3d3dy53My5vcmcvMjAwMC9zdmciPjwvc3ZnPg==\" style=\"--smush-placeholder-width: 300px; --smush-placeholder-aspect-ratio: 300\/198;\" \/><\/p>\n<p style=\"text-align: justify;\">SANTO DOMINGO, REP\u00daBLICA DOMINICANA &#8211; La Fundaci\u00f3n Caminos Inclusivos, FUNCI, una entidad sin fines de lucro, celebr\u00f3 con gran \u00e9xito su tradicional cena navide\u00f1a en la zona colonial. El evento proporcion\u00f3 un ambiente festivo y acogedor para m\u00e1s de 50 personas con discapacidad.<\/p>\n<p style=\"text-align: justify;\">Durante el evento, la Sra. Ines Rosario, presidenta de la Fundaci\u00f3n, inst\u00f3 a las autoridades a actuar. Solicit\u00f3 su colaboraci\u00f3n para integrar a las personas con discapacidad en programas educativos y proporcionarles empleos dignos. Enfatiz\u00f3 la importancia de apoyar a este grupo, que enfrenta grandes desaf\u00edos en su vida cotidiana.<\/p>\n<p style=\"text-align: justify;\">La Sra. Rosario expres\u00f3 su gratitud por el apoyo y la asistencia recibida de varias organizaciones, incluyendo la Masoner\u00eda Dominicana. Destac\u00f3 que estas entidades desempe\u00f1aron un papel fundamental en el \u00e9xito de este maravilloso evento. La Fundaci\u00f3n Caminos Inclusivos espera continuar este trabajo vital en el futuro, con la esperanza de que las autoridades y la comunidad en general se unan a ellos en su misi\u00f3n<\/p>\n<p style=\"text-align: justify;\">Si desea hacer una donaci\u00f3n o conocer m\u00e1s acerca de su labor, FUNCI los invita a ponerse en contacto. Estamos disponibles para responder preguntas y recibir contribuciones a trav\u00e9s de nuestras redes sociales @FundacionCaminosInclusivo por Instagram.<\/p>\n<p>Fuente: Fundaci\u00f3n Caminos Inclusivos<\/p>\n","protected":false},"excerpt":{"rendered":"<p>SANTO DOMINGO, REP\u00daBLICA DOMINICANA &#8211; La Fundaci\u00f3n Caminos Inclusivos, FUNCI, una entidad sin fines de<\/p>\n","protected":false},"author":2,"featured_media":0,"comment_status":"open","ping_status":"open","sticky":false,"template":"","format":"standard","meta":{"footnotes":""},"categories":[7],"tags":[],"class_list":["post-10758","post","type-post","status-publish","format-standard","hentry","category-nacionales"],"_links":{"self":[{"href":"https:\/\/defrentealaverdad.com\/index.php\/wp-json\/wp\/v2\/posts\/10758","targetHints":{"allow":["GET"]}}],"collection":[{"href":"https:\/\/defrentealaverdad.com\/index.php\/wp-json\/wp\/v2\/posts"}],"about":[{"href":"https:\/\/defrentealaverdad.com\/index.php\/wp-json\/wp\/v2\/types\/post"}],"author":[{"embeddable":true,"href":"https:\/\/defrentealaverdad.com\/index.php\/wp-json\/wp\/v2\/users\/2"}],"replies":[{"embeddable":true,"href":"https:\/\/defrentealaverdad.com\/index.php\/wp-json\/wp\/v2\/comments?post=10758"}],"version-history":[{"count":1,"href":"https:\/\/defrentealaverdad.com\/index.php\/wp-json\/wp\/v2\/posts\/10758\/revisions"}],"predecessor-version":[{"id":10760,"href":"https:\/\/defrentealaverdad.com\/index.php\/wp-json\/wp\/v2\/posts\/10758\/revisions\/10760"}],"wp:attachment":[{"href":"https:\/\/defrentealaverdad.com\/index.php\/wp-json\/wp\/v2\/media?parent=10758"}],"wp:term":[{"taxonomy":"category","embeddable":true,"href":"https:\/\/defrentealaverdad.com\/index.php\/wp-json\/wp\/v2\/categories?post=10758"},{"taxonomy":"post_tag","embeddable":true,"href":"https:\/\/defrentealaverdad.com\/index.php\/wp-json\/wp\/v2\/tags?post=10758"}],"curies":[{"name":"wp","href":"https:\/\/api.w.org\/{rel}","templated":true}]}}