{"id":10755,"date":"2023-12-13T02:04:26","date_gmt":"2023-12-13T02:04:26","guid":{"rendered":"https:\/\/defrentealaverdad.com\/?p=10755"},"modified":"2023-12-14T02:05:45","modified_gmt":"2023-12-14T02:05:45","slug":"isaura-taveras-se-renueva-en-su-undecima-entrega-de-top-13","status":"publish","type":"post","link":"https:\/\/defrentealaverdad.com\/index.php\/2023\/12\/13\/isaura-taveras-se-renueva-en-su-undecima-entrega-de-top-13\/","title":{"rendered":"Isaura Taveras se renueva en su und\u00e9cima entrega de Top 13"},"content":{"rendered":"<h2><img decoding=\"async\" class=\"size-large wp-image-2076681 alignright lazyload\" data-src=\"https:\/\/nuevodiario-assets.s3.us-east-2.amazonaws.com\/wp-content\/uploads\/2023\/12\/13093213\/Noel-Ventura-1-1024x683.jpg\" data-sizes=\"(max-width: 1024px) 100vw, 1024px\" data-srcset=\"https:\/\/nuevodiario-assets.s3.us-east-2.amazonaws.com\/wp-content\/uploads\/2023\/12\/13093213\/Noel-Ventura-1-1024x683.jpg 1024w, https:\/\/nuevodiario-assets.s3.us-east-2.amazonaws.com\/wp-content\/uploads\/2023\/12\/13093213\/Noel-Ventura-1-400x267.jpg 400w, https:\/\/nuevodiario-assets.s3.us-east-2.amazonaws.com\/wp-content\/uploads\/2023\/12\/13093213\/Noel-Ventura-1-115x77.jpg 115w, https:\/\/nuevodiario-assets.s3.us-east-2.amazonaws.com\/wp-content\/uploads\/2023\/12\/13093213\/Noel-Ventura-1-768x512.jpg 768w, https:\/\/nuevodiario-assets.s3.us-east-2.amazonaws.com\/wp-content\/uploads\/2023\/12\/13093213\/Noel-Ventura-1-1536x1024.jpg 1536w, https:\/\/nuevodiario-assets.s3.us-east-2.amazonaws.com\/wp-content\/uploads\/2023\/12\/13093213\/Noel-Ventura-1-2048x1365.jpg 2048w, https:\/\/nuevodiario-assets.s3.us-east-2.amazonaws.com\/wp-content\/uploads\/2023\/12\/13093213\/Noel-Ventura-1-471x314.jpg 471w\" alt=\"\" width=\"1024\" height=\"683\" src=\"data:image\/svg+xml;base64,PHN2ZyB3aWR0aD0iMSIgaGVpZ2h0PSIxIiB4bWxucz0iaHR0cDovL3d3dy53My5vcmcvMjAwMC9zdmciPjwvc3ZnPg==\" style=\"--smush-placeholder-width: 1024px; --smush-placeholder-aspect-ratio: 1024\/683;\" \/><\/h2>\n<p style=\"text-align: justify;\">SANTO DOMINGO.-\u00a0Isaura Taveras se alista a la und\u00e9cima entrega de su especial de A\u00f1o Nuevo, Top 13 como ya es tradici\u00f3n cada 01 de enero se presentar\u00e1 el programa que re\u00fane a la familia para presenciar lo m\u00e1s notorio transcurrido en el 2023 en la m\u00fasica y el espect\u00e1culo,\u00a0 y se transmitir\u00e1 por Color Visi\u00f3n, canal 9, a las 9:00 de la noche.<\/p>\n<p style=\"text-align: justify;\">Dentro de las novedades que presenta esta edici\u00f3n de Top 13 ser\u00e1 un escenario 360 para continuar con la modernidad que cada a\u00f1o se prepara para ofrecer al p\u00fablico. Adem\u00e1s, de reconocimientos a tres grandes de la m\u00fasica que celebran 36, 30 y 20 a\u00f1os de carrera respectivamente; Pochy Familia, Vladimir Dotel (Ilegales) y Wason Brazoban.<\/p>\n<div class=\"banner-contenido\" style=\"text-align: justify;\">\n<div id=\"div-gpt-ad-1565283910678-0\" data-google-query-id=\"CIrjoInqjYMDFXfv4wcdZoEE3w\">\n<div id=\"google_ads_iframe_\/173239197\/Banner_Noticia_Contenido_300x250_0__container__\">La producci\u00f3n de Top13 posee una identidad definida caracterizada por la vistosidad y calidad a nivel t\u00e9cnico de la mano de Jos\u00e9 Luis Alc\u00e1ntara. En esta ocasi\u00f3n Isaura Taveras se hizo acompa\u00f1ar de un equipo de producci\u00f3n que est\u00e1 conformado por Edward Gorys, Jonathan Lafontaine y un personal extraordinario que completan la renovada propuesta. Top 13 apuesta a la calidad en tiempos que el p\u00fablico demanda mejores producciones, siendo este el sello de garant\u00eda que ha caracterizado el trabajo que realiza Isaura Taveras en cada uno de sus proyectos, quedando establecido como norte en las emisiones que presenta con el respaldo de televidentes, aliados comerciales y marcas que apuestan a la calidad de un producto pulido, depurado, listo para consumir.<\/div>\n<\/div>\n<\/div>\n<p style=\"text-align: justify;\">Como en las dem\u00e1s ediciones los artistas son seleccionados v\u00eda los sondeos y encuestas en el cual participan miembros de la prensa, y editores de espect\u00e1culos del pa\u00eds, siendo los elegidos para esta edici\u00f3n:<\/p>\n<ul style=\"text-align: justify;\">\n<li>Caroline Aquino\/ Comunicadora<\/li>\n<li>Albert Mena\/ Comunicador<\/li>\n<li>Wason Brazoban\/ Cantante Pop<\/li>\n<li>Evelina Rodr\u00edguez \/ Productores de Cine<\/li>\n<li>Lourdes Stephen\/ Figura Internacional<\/li>\n<li>J Noa\/ Revelaci\u00f3n de la m\u00fasica urbana<\/li>\n<li>Judith Rodr\u00edguez\/ Actriz de cine<\/li>\n<li>Noel Ventura\/ Comediante<\/li>\n<li>Vladimir (Lord) J\u00e1quez \/ Youtuber<\/li>\n<li>Chiquito Team Band\/Agrupaci\u00f3n de salsa<\/li>\n<\/ul>\n<p style=\"text-align: justify;\">Y como reconocimiento especial a su trayectoria Vladimir Dotel, Wason Brazoban y Pochy Familia.<\/p>\n<p style=\"text-align: justify;\">Top 13 llegar\u00e1 una vez m\u00e1s al apoyo de marcas que apuestan al contenido de calidad como BANRESERVAS, CRISOL, GOYA, CARIBBEAN MEDIA WORLD. Este especial se transmitir\u00e1 el pr\u00f3ximo 01 de enero a trav\u00e9s de Color Visi\u00f3n, desde las 9:00 de la noche. Posteriormente estar\u00e1 disponible en una versi\u00f3n especial, con contenido exclusivo en la plataforma digital de El Ma\u00f1anero TV.<\/p>\n<p>Fuente: Nuevo Diario<\/p>\n<div id=\"mc_embed_shell\">\n<div id=\"mc_embed_signup\">\n<form id=\"mc-embedded-subscribe-form\" class=\"validate\" action=\"https:\/\/elnuevodiario.us12.list-manage.com\/subscribe\/post?u=adc4b96bf0fc459309c352607&amp;id=7c6f789feb&amp;f_id=0046bce0f0\" method=\"post\" name=\"mc-embedded-subscribe-form\" novalidate=\"\" target=\"_self\">\n<div id=\"mc_embed_signup_scroll\">\n<h2><\/h2>\n<\/div>\n<\/form>\n<\/div>\n<\/div>\n","protected":false},"excerpt":{"rendered":"<p>SANTO DOMINGO.-\u00a0Isaura Taveras se alista a la und\u00e9cima entrega de su especial de A\u00f1o Nuevo,<\/p>\n","protected":false},"author":4,"featured_media":0,"comment_status":"open","ping_status":"open","sticky":false,"template":"","format":"standard","meta":{"footnotes":""},"categories":[6],"tags":[],"class_list":["post-10755","post","type-post","status-publish","format-standard","hentry","category-espectaculos"],"_links":{"self":[{"href":"https:\/\/defrentealaverdad.com\/index.php\/wp-json\/wp\/v2\/posts\/10755","targetHints":{"allow":["GET"]}}],"collection":[{"href":"https:\/\/defrentealaverdad.com\/index.php\/wp-json\/wp\/v2\/posts"}],"about":[{"href":"https:\/\/defrentealaverdad.com\/index.php\/wp-json\/wp\/v2\/types\/post"}],"author":[{"embeddable":true,"href":"https:\/\/defrentealaverdad.com\/index.php\/wp-json\/wp\/v2\/users\/4"}],"replies":[{"embeddable":true,"href":"https:\/\/defrentealaverdad.com\/index.php\/wp-json\/wp\/v2\/comments?post=10755"}],"version-history":[{"count":1,"href":"https:\/\/defrentealaverdad.com\/index.php\/wp-json\/wp\/v2\/posts\/10755\/revisions"}],"predecessor-version":[{"id":10756,"href":"https:\/\/defrentealaverdad.com\/index.php\/wp-json\/wp\/v2\/posts\/10755\/revisions\/10756"}],"wp:attachment":[{"href":"https:\/\/defrentealaverdad.com\/index.php\/wp-json\/wp\/v2\/media?parent=10755"}],"wp:term":[{"taxonomy":"category","embeddable":true,"href":"https:\/\/defrentealaverdad.com\/index.php\/wp-json\/wp\/v2\/categories?post=10755"},{"taxonomy":"post_tag","embeddable":true,"href":"https:\/\/defrentealaverdad.com\/index.php\/wp-json\/wp\/v2\/tags?post=10755"}],"curies":[{"name":"wp","href":"https:\/\/api.w.org\/{rel}","templated":true}]}}