{"id":10744,"date":"2023-12-13T01:43:53","date_gmt":"2023-12-13T01:43:53","guid":{"rendered":"https:\/\/defrentealaverdad.com\/?p=10744"},"modified":"2023-12-14T01:45:09","modified_gmt":"2023-12-14T01:45:09","slug":"badir-con-concierto-un-bohemio-dominicano-el-20-de-diciembre","status":"publish","type":"post","link":"https:\/\/defrentealaverdad.com\/index.php\/2023\/12\/13\/badir-con-concierto-un-bohemio-dominicano-el-20-de-diciembre\/","title":{"rendered":"Badir con concierto \u201cUn bohemio dominicano\u201d el 20 de diciembre"},"content":{"rendered":"<div class=\"blog-post-thumb\" style=\"text-align: justify;\"><\/div>\n<div class=\"entry-content\">\n<blockquote><p>El cantautor dominicano Badir cerrar\u00e1 por todo lo alto su 2023 con un concierto pautado para este 20 de diciembre en Hard Rock Caf\u00e9.<\/p>\n<p><img decoding=\"async\" class=\"attachment-saxon-blog-thumb size-saxon-blog-thumb wp-post-image aligncenter lazyload\" data-src=\"https:\/\/n.com.do\/wp-content\/uploads\/2023\/12\/Badir-1140x694.jpeg\" alt=\"\" width=\"1140\" height=\"694\" src=\"data:image\/svg+xml;base64,PHN2ZyB3aWR0aD0iMSIgaGVpZ2h0PSIxIiB4bWxucz0iaHR0cDovL3d3dy53My5vcmcvMjAwMC9zdmciPjwvc3ZnPg==\" style=\"--smush-placeholder-width: 1140px; --smush-placeholder-aspect-ratio: 1140\/694;\" \/><\/p><\/blockquote>\n<p style=\"text-align: justify;\">Como parte de su gira \u201cUn bohemio dominicano\u201d, la cual le ha permitido al artista recorrer diferentes escenarios en todo el pa\u00eds, cubriendo las tres regiones con conciertos, Badir pondr\u00e1 broche de oro a este tour con su acogida apuesta a la m\u00fasica rom\u00e1ntica, a las letras de amor y desamor.<\/p>\n<blockquote><p>\u201cEste ha sido un gran a\u00f1o para m\u00ed. Es especial celebrar con mi p\u00fablico un 2023 lleno de emociones, desde mi primera nominaci\u00f3n a los Soberano, la experiencia de dos noches en el Palacio de los Deportes con Ana Gabriel, el lanzamiento de canciones de mi autor\u00eda en la colaboraci\u00f3n con Jos\u00e9 Alberto El Canario, colaboraciones con Milly Quezada, Cristian Alexis; participar de Amargue Sessions junto a Pavel N\u00fa\u00f1ez, Samuel Gonz\u00e1lez y Johanna Alm\u00e1nzar, hasta el abrazo fuerte del pa\u00eds en mi gira nacional es algo que celebro con orgullo\u201d, dijo \u201cEl bohemio de la nueva generaci\u00f3n\u201d.<\/p><\/blockquote>\n<p style=\"text-align: justify;\">Cabe destacar que este espect\u00e1culo hace un recorrido por la m\u00fasica rom\u00e1ntica dominicana desde los a\u00f1os 50 hasta la fecha, en una noche llena de emociones y sorpresas. El espect\u00e1culo estuvo en Dajab\u00f3n, Monte Cristi, Santiago, Moca, La Vega, Cotu\u00ed, San Francisco de Macor\u00eds, Salcedo, Bonao, Bani, Barahona, Saman\u00e1 e Hig\u00fcey, entre otras, demostrando un calor que le consolida en el gusto popular dominicano.<\/p>\n<p style=\"text-align: justify;\">Adelant\u00f3 que lanzar\u00e1 una canci\u00f3n nueva esta semana que se llama \u201cMe das permiso\u201d, de su autor\u00eda. Estar\u00e1 disponible desde este mi\u00e9rcoles en todas las plataformas.<\/p>\n<p style=\"text-align: justify;\">Desde el lanzamiento de su carrera como artista, Badir ha contado con el apoyo de importantes cantantes, logrando en su corta carrera colaboraciones con Wason Brazob\u00e1n, Felix D\u2019Oleo, Techy Fatule, El Canario, Milly Quezada, entre otros. Adem\u00e1s, ha calado en el gusto del p\u00fablico con temas como \u201cFelicidades\u201d, \u201cReg\u00e1lame un minuto mas\u201d, \u201cDuele que me duela\u201d y \u201cYo no tengo la culpa\u201d, entre otros.<\/p>\n<p>Fuente: N Digital Multimedia<\/p>\n<\/div>\n","protected":false},"excerpt":{"rendered":"<p>El cantautor dominicano Badir cerrar\u00e1 por todo lo alto su 2023 con un concierto pautado<\/p>\n","protected":false},"author":4,"featured_media":0,"comment_status":"open","ping_status":"open","sticky":false,"template":"","format":"standard","meta":{"footnotes":""},"categories":[6],"tags":[],"class_list":["post-10744","post","type-post","status-publish","format-standard","hentry","category-espectaculos"],"_links":{"self":[{"href":"https:\/\/defrentealaverdad.com\/index.php\/wp-json\/wp\/v2\/posts\/10744","targetHints":{"allow":["GET"]}}],"collection":[{"href":"https:\/\/defrentealaverdad.com\/index.php\/wp-json\/wp\/v2\/posts"}],"about":[{"href":"https:\/\/defrentealaverdad.com\/index.php\/wp-json\/wp\/v2\/types\/post"}],"author":[{"embeddable":true,"href":"https:\/\/defrentealaverdad.com\/index.php\/wp-json\/wp\/v2\/users\/4"}],"replies":[{"embeddable":true,"href":"https:\/\/defrentealaverdad.com\/index.php\/wp-json\/wp\/v2\/comments?post=10744"}],"version-history":[{"count":1,"href":"https:\/\/defrentealaverdad.com\/index.php\/wp-json\/wp\/v2\/posts\/10744\/revisions"}],"predecessor-version":[{"id":10745,"href":"https:\/\/defrentealaverdad.com\/index.php\/wp-json\/wp\/v2\/posts\/10744\/revisions\/10745"}],"wp:attachment":[{"href":"https:\/\/defrentealaverdad.com\/index.php\/wp-json\/wp\/v2\/media?parent=10744"}],"wp:term":[{"taxonomy":"category","embeddable":true,"href":"https:\/\/defrentealaverdad.com\/index.php\/wp-json\/wp\/v2\/categories?post=10744"},{"taxonomy":"post_tag","embeddable":true,"href":"https:\/\/defrentealaverdad.com\/index.php\/wp-json\/wp\/v2\/tags?post=10744"}],"curies":[{"name":"wp","href":"https:\/\/api.w.org\/{rel}","templated":true}]}}