{"id":10739,"date":"2023-12-13T01:38:36","date_gmt":"2023-12-13T01:38:36","guid":{"rendered":"https:\/\/defrentealaverdad.com\/?p=10739"},"modified":"2023-12-14T01:39:18","modified_gmt":"2023-12-14T01:39:18","slug":"senado-reconoce-trayectoria-del-periodista-wilder-paez-de-diario-libre","status":"publish","type":"post","link":"https:\/\/defrentealaverdad.com\/index.php\/2023\/12\/13\/senado-reconoce-trayectoria-del-periodista-wilder-paez-de-diario-libre\/","title":{"rendered":"Senado reconoce trayectoria del periodista Wilder P\u00e1ez"},"content":{"rendered":"<header class=\"xl:ml-12 xl:pl-1 lg:ml-10 lg:pl-0 md:ml-12 md:pl-1 mb-4\"><\/header>\n<div class=\"flex flex-wrap -ml-4 -mr-3 relative md:px-3 lg:px-0\">\n<div class=\"w-full xl:w-85\/12 md:w-75\/12 sm:w-full px-4 pb-12\">\n<figure class=\"text-lg\" style=\"text-align: justify;\"><picture><img decoding=\"async\" class=\"mx-auto lazyload\" title=\"Senado reconoce trayectoria del periodista Wilder P\u00e1ez de Diario Libre\" data-src=\"https:\/\/resources.diariolibre.com\/images\/2023\/12\/13\/periodista-de-diario-libre-es-reconocido-por-el-senado-focus-0-0-896-504.jpg\" data-srcset=\"https:\/\/resources.diariolibre.com\/images\/2023\/12\/13\/periodista-de-diario-libre-es-reconocido-por-el-senado-focus-0-0-500-281.jpg 500w, https:\/\/resources.diariolibre.com\/images\/2023\/12\/13\/periodista-de-diario-libre-es-reconocido-por-el-senado-focus-0-0-546-307.jpg 800w, https:\/\/resources.diariolibre.com\/images\/2023\/12\/13\/periodista-de-diario-libre-es-reconocido-por-el-senado-focus-0-0-896-504.jpg 1200w\" alt=\"Senado reconoce trayectoria del periodista Wilder P\u00e1ez de Diario Libre\" width=\"100%\" height=\"307\" src=\"data:image\/svg+xml;base64,PHN2ZyB3aWR0aD0iMSIgaGVpZ2h0PSIxIiB4bWxucz0iaHR0cDovL3d3dy53My5vcmcvMjAwMC9zdmciPjwvc3ZnPg==\" \/><\/picture><figcaption><\/figcaption><\/figure>\n<div class=\"detail-body text-lg\">\n<p style=\"text-align: justify;\">El\u00a0<strong>Senado<\/strong>\u00a0de la Rep\u00fablica Dominicana reconoci\u00f3 este mi\u00e9rcoles al periodista de\u00a0<em>Diario Libre,<\/em>\u00a0<strong>Wilder P\u00e1ez<\/strong>, por sus m\u00e9ritos, trayectoria, talento y aporte a la comunicaci\u00f3n, en un acto celebrado en la sede del hemiciclo.<\/p>\n<p style=\"text-align: justify;\">Ese \u00f3rgano del Poder Legislativo indic\u00f3 que P\u00e1ez ha sido durante todos estos a\u00f1os un<strong>\u00a0periodista dedicado y comprometido<\/strong>\u00a0con la verdad.<\/p>\n<p style=\"text-align: justify;\">El\u00a0<strong>reconocimiento<\/strong>\u00a0considera que el periodista, tambi\u00e9n secretario general del Colegio Dominicano de Periodistas del Distrito Nacional (CDP), ha sido fundamental para informar de manera objetiva a la sociedad, contribuyendo as\u00ed al fortalecimiento de la democracia dominicana.<\/p>\n<div id=\"dl_300x250_inread\" style=\"text-align: justify;\" data-google-query-id=\"CPD7zZHljYMDFVcKigMdeN4G-g\">\n<div id=\"google_ads_iframe_\/1659553\/dl_300x250_inread_0__container__\">El pergamino fue entregado por el presidente del <strong>Senado<\/strong>, Ricardo de los Santos, y los senadores del Partido Revolucionario Moderno (PRM) Alexis Victoria Yeb, Ginnette Bournigal, Lenin Valdez, H\u00e9ctor Acosta (El Torito), Milciades Franjul, Antonio Marte y L\u00eda D\u00edaz.<\/div>\n<\/div>\n<blockquote><p>\u00abDurante muchos a\u00f1os hemos venido haciendo un <strong>trabajo \u00e9tico y transparente para que la sociedad dominicana conozca el accionar del Senad<\/strong>o de la Rep\u00fablica y hoy es reconocido\u00bb, expres\u00f3 P\u00e1ez.<\/p><\/blockquote>\n<p style=\"text-align: justify;\">Dijo que la fuente requiere de mucho tacto y dedicaci\u00f3n en el estudio de cada uno de los proyectos que luego se convierten en leyes, con el fin de informar de manera precisa a la sociedad.<\/p>\n<p style=\"text-align: justify;\">P\u00e1ez agradece la confianza que\u00a0<em>Diario Libre\u00a0<\/em>en \u00e9l para cubrir las incidencias del Congreso Nacional.<\/p>\n<p>Fuente: Diario Libre<\/p>\n<\/div>\n<\/div>\n<\/div>\n","protected":false},"excerpt":{"rendered":"<p>El\u00a0Senado\u00a0de la Rep\u00fablica Dominicana reconoci\u00f3 este mi\u00e9rcoles al periodista de\u00a0Diario Libre,\u00a0Wilder P\u00e1ez, por sus m\u00e9ritos,<\/p>\n","protected":false},"author":1,"featured_media":0,"comment_status":"open","ping_status":"open","sticky":false,"template":"","format":"standard","meta":{"footnotes":""},"categories":[7],"tags":[],"class_list":["post-10739","post","type-post","status-publish","format-standard","hentry","category-nacionales"],"_links":{"self":[{"href":"https:\/\/defrentealaverdad.com\/index.php\/wp-json\/wp\/v2\/posts\/10739","targetHints":{"allow":["GET"]}}],"collection":[{"href":"https:\/\/defrentealaverdad.com\/index.php\/wp-json\/wp\/v2\/posts"}],"about":[{"href":"https:\/\/defrentealaverdad.com\/index.php\/wp-json\/wp\/v2\/types\/post"}],"author":[{"embeddable":true,"href":"https:\/\/defrentealaverdad.com\/index.php\/wp-json\/wp\/v2\/users\/1"}],"replies":[{"embeddable":true,"href":"https:\/\/defrentealaverdad.com\/index.php\/wp-json\/wp\/v2\/comments?post=10739"}],"version-history":[{"count":2,"href":"https:\/\/defrentealaverdad.com\/index.php\/wp-json\/wp\/v2\/posts\/10739\/revisions"}],"predecessor-version":[{"id":10741,"href":"https:\/\/defrentealaverdad.com\/index.php\/wp-json\/wp\/v2\/posts\/10739\/revisions\/10741"}],"wp:attachment":[{"href":"https:\/\/defrentealaverdad.com\/index.php\/wp-json\/wp\/v2\/media?parent=10739"}],"wp:term":[{"taxonomy":"category","embeddable":true,"href":"https:\/\/defrentealaverdad.com\/index.php\/wp-json\/wp\/v2\/categories?post=10739"},{"taxonomy":"post_tag","embeddable":true,"href":"https:\/\/defrentealaverdad.com\/index.php\/wp-json\/wp\/v2\/tags?post=10739"}],"curies":[{"name":"wp","href":"https:\/\/api.w.org\/{rel}","templated":true}]}}