{"id":10728,"date":"2023-12-12T01:06:54","date_gmt":"2023-12-12T01:06:54","guid":{"rendered":"https:\/\/defrentealaverdad.com\/?p=10728"},"modified":"2023-12-14T01:15:00","modified_gmt":"2023-12-14T01:15:00","slug":"10728","status":"publish","type":"post","link":"https:\/\/defrentealaverdad.com\/index.php\/2023\/12\/12\/10728\/","title":{"rendered":"Premio Nacional de Medicina reconoce presidente de ADEOFA y Hospital Central de las Fuerzas Armadas"},"content":{"rendered":"<div class=\"separator\"><a href=\"https:\/\/blogger.googleusercontent.com\/img\/b\/R29vZ2xl\/AVvXsEhcIF6S3PmtNAt7FuDmfTaRv8Ql3HT4eq3tnoXujZe-c65J49umHU_49a19qjRyb1t7hq-S-kXcRgthbL0vWkuNNC9YsU0DfPopKPiyBiT5gBAJZ2zEK0SBYAAatGYVNAUi1zqqLd3ll1PQV7kVsIfdhmFMkxyyAgfUKH3lvhmczGU6hkEgM3as3WTNCAdJ\/s1024\/IMG-20231212-WA0038.jpg\"><img decoding=\"async\" class=\"alignleft lazyload\" data-src=\"https:\/\/blogger.googleusercontent.com\/img\/b\/R29vZ2xl\/AVvXsEhcIF6S3PmtNAt7FuDmfTaRv8Ql3HT4eq3tnoXujZe-c65J49umHU_49a19qjRyb1t7hq-S-kXcRgthbL0vWkuNNC9YsU0DfPopKPiyBiT5gBAJZ2zEK0SBYAAatGYVNAUi1zqqLd3ll1PQV7kVsIfdhmFMkxyyAgfUKH3lvhmczGU6hkEgM3as3WTNCAdJ\/s320\/IMG-20231212-WA0038.jpg\" width=\"320\" height=\"213\" border=\"0\" data-original-height=\"682\" data-original-width=\"1024\" src=\"data:image\/svg+xml;base64,PHN2ZyB3aWR0aD0iMSIgaGVpZ2h0PSIxIiB4bWxucz0iaHR0cDovL3d3dy53My5vcmcvMjAwMC9zdmciPjwvc3ZnPg==\" style=\"--smush-placeholder-width: 320px; --smush-placeholder-aspect-ratio: 320\/213;\" \/><\/a><\/div>\n<p style=\"text-align: justify;\">Por Felix Rubio<\/p>\n<p style=\"text-align: justify;\">SANTO DOMINGO. &#8211; El Premio Nacional de Medicina 2023 de Rep\u00fablica Dominicana reconoci\u00f3 a la presidente de la Asociaci\u00f3n Dominicana de Esposas de Oficiales de las Fuerzas Armadas (ADEOFA), Wendy Santos de D\u00edaz y al Hospital Central de las Fuerzas Armadas \u201ccomo destacados contribuyentes a la salud nacional\u201d.<\/p>\n<div class=\"separator\" style=\"text-align: justify;\"><a href=\"https:\/\/blogger.googleusercontent.com\/img\/b\/R29vZ2xl\/AVvXsEhhyfJYjpkKOLFK3LzPT0kOXl9NKUbvSUKDgyzvjbcjKDMyzvfoux6vx_clsLFY83gINSIsGpeYhaZWWSntm4gAjk6okDdrl_Qfrs2nS6a7dokE3hMhL8cKKNMvh3eSRndECh7LmUc8rHgBkoggQEs9yJSePDxspUiTXcvYxrCamq-6C1AVqvHOYR2NwyA7\/s1024\/IMG-20231212-WA0041.jpg\"><img decoding=\"async\" class=\"alignright lazyload\" data-src=\"https:\/\/blogger.googleusercontent.com\/img\/b\/R29vZ2xl\/AVvXsEhhyfJYjpkKOLFK3LzPT0kOXl9NKUbvSUKDgyzvjbcjKDMyzvfoux6vx_clsLFY83gINSIsGpeYhaZWWSntm4gAjk6okDdrl_Qfrs2nS6a7dokE3hMhL8cKKNMvh3eSRndECh7LmUc8rHgBkoggQEs9yJSePDxspUiTXcvYxrCamq-6C1AVqvHOYR2NwyA7\/s320\/IMG-20231212-WA0041.jpg\" width=\"320\" height=\"213\" border=\"0\" data-original-height=\"682\" data-original-width=\"1024\" src=\"data:image\/svg+xml;base64,PHN2ZyB3aWR0aD0iMSIgaGVpZ2h0PSIxIiB4bWxucz0iaHR0cDovL3d3dy53My5vcmcvMjAwMC9zdmciPjwvc3ZnPg==\" style=\"--smush-placeholder-width: 320px; --smush-placeholder-aspect-ratio: 320\/213;\" \/><\/a><\/div>\n<p style=\"text-align: justify;\">La vig\u00e9sima sexta edici\u00f3n del premio, distingui\u00f3 a la presidente de ADEOFA por su valioso aporte al sistema nacional de salud, a trav\u00e9s de la creaci\u00f3n del Banco de Sangre y Hemoderivados (BANSAHEFA) y el Centro de Atenci\u00f3n Integral de las Fuerzas Armadas (CAIFFAA), los cuales ofrecen asistencia a civiles y a militares con problemas de salud, relacionados con estas especialidades.<\/p>\n<p style=\"text-align: justify;\">Al recibir con gratitud el certificado que la acredita como ciudadana distinguida de la salud y la medalla de honor, la se\u00f1ora Wendy Santos de D\u00edaz expres\u00f3 que \u00abtanto el BANSAHEFA como el CAIFFAA son dependencias estrat\u00e9gicamente dise\u00f1adas para salvar vidas, que sirven con dedicaci\u00f3n a toda la poblaci\u00f3n dominicana, con un enfoque en el amor y la solidaridad hacia quienes lo necesiten\u00bb.<\/p>\n<div class=\"separator\" style=\"text-align: justify;\"><a href=\"https:\/\/blogger.googleusercontent.com\/img\/b\/R29vZ2xl\/AVvXsEhaRhW7XfAySVPL3rH7V9TY1lPed_XYAqUl8LuEKHxLg86M5enIVXgzugX2YcUCNjrbU4JqY3prd3X5qEk3bsSzfvyhAICwP1gcPQNRZxggJkqptaVhpzhCEdFcQ-_9gPLYS0Fbn-N9hbkzG6rjHmNYzfZt2I2xMXC2wEk67NltIbT7EByFJtQb5NH_AJKe\/s1024\/IMG-20231212-WA0040.jpg\"><img decoding=\"async\" class=\"alignleft lazyload\" data-src=\"https:\/\/blogger.googleusercontent.com\/img\/b\/R29vZ2xl\/AVvXsEhaRhW7XfAySVPL3rH7V9TY1lPed_XYAqUl8LuEKHxLg86M5enIVXgzugX2YcUCNjrbU4JqY3prd3X5qEk3bsSzfvyhAICwP1gcPQNRZxggJkqptaVhpzhCEdFcQ-_9gPLYS0Fbn-N9hbkzG6rjHmNYzfZt2I2xMXC2wEk67NltIbT7EByFJtQb5NH_AJKe\/s320\/IMG-20231212-WA0040.jpg\" width=\"320\" height=\"213\" border=\"0\" data-original-height=\"682\" data-original-width=\"1024\" src=\"data:image\/svg+xml;base64,PHN2ZyB3aWR0aD0iMSIgaGVpZ2h0PSIxIiB4bWxucz0iaHR0cDovL3d3dy53My5vcmcvMjAwMC9zdmciPjwvc3ZnPg==\" style=\"--smush-placeholder-width: 320px; --smush-placeholder-aspect-ratio: 320\/213;\" \/><\/a><\/div>\n<p style=\"text-align: justify;\">Tambi\u00e9n se reconoci\u00f3 al Hospital Central de las FF. AA, dirigido por el Coronel M\u00e9dico Ram\u00f3n Enr\u00edquez Feliz Jim\u00e9nez, ERD, por su destacado y firme compromiso de ofrecer un hospital digno con servicios m\u00e9dicos que cumplen los m\u00e1s altos est\u00e1ndares de calidad.<\/p>\n<div class=\"separator\" style=\"text-align: justify;\"><a href=\"https:\/\/blogger.googleusercontent.com\/img\/b\/R29vZ2xl\/AVvXsEgKkwoZOfuno1Ky0G2IPnBlz4qyfMAHOIOHK8tgK_NtHNU0rgt2gvbR7-Vcy_Tw_iI9BwKL2T1tpjyY7dVlLk4_PVAYYLmd2htZyGYLXuwA0Z-kwU4PNrV8uS-sS5WhEPuYctgQGyqaHf2nR4Q24lcDZaesbHgClGnnIltmV_fZKLNTxD7aeae5Y55p7FK5\/s1024\/IMG-20231212-WA0039.jpg\"><img decoding=\"async\" class=\"alignright lazyload\" data-src=\"https:\/\/blogger.googleusercontent.com\/img\/b\/R29vZ2xl\/AVvXsEgKkwoZOfuno1Ky0G2IPnBlz4qyfMAHOIOHK8tgK_NtHNU0rgt2gvbR7-Vcy_Tw_iI9BwKL2T1tpjyY7dVlLk4_PVAYYLmd2htZyGYLXuwA0Z-kwU4PNrV8uS-sS5WhEPuYctgQGyqaHf2nR4Q24lcDZaesbHgClGnnIltmV_fZKLNTxD7aeae5Y55p7FK5\/s320\/IMG-20231212-WA0039.jpg\" width=\"320\" height=\"213\" border=\"0\" data-original-height=\"682\" data-original-width=\"1024\" src=\"data:image\/svg+xml;base64,PHN2ZyB3aWR0aD0iMSIgaGVpZ2h0PSIxIiB4bWxucz0iaHR0cDovL3d3dy53My5vcmcvMjAwMC9zdmciPjwvc3ZnPg==\" style=\"--smush-placeholder-width: 320px; --smush-placeholder-aspect-ratio: 320\/213;\" \/><\/a>De igual modo, en dicho acto fue entregado el Premio Nacional de Medicina de la Rep\u00fablica Dominicana 2023, al gran maestro de la pediatr\u00eda y la investigaci\u00f3n cient\u00edfica, doctor Julio Manuel Rodr\u00edguez Grull\u00f3n, en un acto en el cual tambi\u00e9n recibieron homenaje otros m\u00e9dicos dominicanos.<\/div>\n<p style=\"text-align: justify;\">Entre los galenos homenajeados figuran los doctores Manuel Colome, El\u00edas Grullon, Mar\u00eda Zunilda N\u00fa\u00f1ez, Rosa Sol\u00eds, Yubelkis Aquino, Franka Valois, Roberto Lantigua y Amauris Guillen, por su loable labor en el sistema de salud; doctor Reynolds P\u00e9rez Stefan, se le otorg\u00f3un reconocimiento por sus valiosos aportes a la salud de la humanidad y se record\u00f3 p\u00f3stumamente al doctor Luis Taveras.<\/p>\n<div class=\"separator\" style=\"text-align: justify;\"><a href=\"https:\/\/blogger.googleusercontent.com\/img\/b\/R29vZ2xl\/AVvXsEg8WM_g1MsqFRo-eU7NqA4Z8yLP5UVjSuwFupJgWHZStUXzTpyQjjfAf2pKKYxTwrShID59mOZqBavy_hBM7oXIhBLqvs9WlPEo3kb0Z0Y5xFbajS7GNGoQKh5hkAJNNMfNc6E_NxRe4SlyyDBf2hojwrNegO4tp2mXjnVG3xMJRPdysDGE7PgRuuKgRP3m\/s1024\/IMG-20231212-WA0037.jpg\"><img decoding=\"async\" class=\"alignleft lazyload\" data-src=\"https:\/\/blogger.googleusercontent.com\/img\/b\/R29vZ2xl\/AVvXsEg8WM_g1MsqFRo-eU7NqA4Z8yLP5UVjSuwFupJgWHZStUXzTpyQjjfAf2pKKYxTwrShID59mOZqBavy_hBM7oXIhBLqvs9WlPEo3kb0Z0Y5xFbajS7GNGoQKh5hkAJNNMfNc6E_NxRe4SlyyDBf2hojwrNegO4tp2mXjnVG3xMJRPdysDGE7PgRuuKgRP3m\/s320\/IMG-20231212-WA0037.jpg\" width=\"320\" height=\"213\" border=\"0\" data-original-height=\"682\" data-original-width=\"1024\" src=\"data:image\/svg+xml;base64,PHN2ZyB3aWR0aD0iMSIgaGVpZ2h0PSIxIiB4bWxucz0iaHR0cDovL3d3dy53My5vcmcvMjAwMC9zdmciPjwvc3ZnPg==\" style=\"--smush-placeholder-width: 320px; --smush-placeholder-aspect-ratio: 320\/213;\" \/><\/a><\/div>\n<p style=\"text-align: justify;\">El acto cont\u00f3 con la presencia del Ministro de Defensa teniente general Carlos Luciano D\u00edaz Morfa, ERD; el doctor Sergio Sol\u00eds Taveras, presidente del Premio Nacional de Medicina; el general de brigada m\u00e9dico cirujano Luis L. D\u00edaz Morfa, ERD, director de los Servicios M\u00e9dicos del Cuerpo de Seguridad Presidencial (CUSEP), y la general de brigada Abogada Ramona D\u00edaz Morfa, ERD.<\/p>\n<p style=\"text-align: justify;\">Tambi\u00e9n formaron parte de dicho acto, autoridades civiles y militares, incluyendo el director de BANSAHEFA, el asimilado militar m\u00e9dico hemat\u00f3logo C\u00e9sar Matos, la coronel Carmen Yokasta Cruz Medina, ERD, directora t\u00e9cnica del BANSAHEFA, y el capit\u00e1n Bioanalista Vianna F. Rojas Catano, FARD, subdirectora de gesti\u00f3n de calidad del BANSAHEFA y la segunda teniente Alizamel Hern\u00e1ndez, ERD, subdirectora del CAIFFAA.<\/p>\n<p style=\"text-align: justify;\">\n<p style=\"text-align: justify;\">Fuente: ADEOFA<\/p>\n","protected":false},"excerpt":{"rendered":"<p>Por Felix Rubio SANTO DOMINGO. &#8211; El Premio Nacional de Medicina 2023 de Rep\u00fablica Dominicana<\/p>\n","protected":false},"author":1,"featured_media":0,"comment_status":"open","ping_status":"open","sticky":false,"template":"","format":"standard","meta":{"footnotes":""},"categories":[7],"tags":[],"class_list":["post-10728","post","type-post","status-publish","format-standard","hentry","category-nacionales"],"_links":{"self":[{"href":"https:\/\/defrentealaverdad.com\/index.php\/wp-json\/wp\/v2\/posts\/10728","targetHints":{"allow":["GET"]}}],"collection":[{"href":"https:\/\/defrentealaverdad.com\/index.php\/wp-json\/wp\/v2\/posts"}],"about":[{"href":"https:\/\/defrentealaverdad.com\/index.php\/wp-json\/wp\/v2\/types\/post"}],"author":[{"embeddable":true,"href":"https:\/\/defrentealaverdad.com\/index.php\/wp-json\/wp\/v2\/users\/1"}],"replies":[{"embeddable":true,"href":"https:\/\/defrentealaverdad.com\/index.php\/wp-json\/wp\/v2\/comments?post=10728"}],"version-history":[{"count":4,"href":"https:\/\/defrentealaverdad.com\/index.php\/wp-json\/wp\/v2\/posts\/10728\/revisions"}],"predecessor-version":[{"id":10732,"href":"https:\/\/defrentealaverdad.com\/index.php\/wp-json\/wp\/v2\/posts\/10728\/revisions\/10732"}],"wp:attachment":[{"href":"https:\/\/defrentealaverdad.com\/index.php\/wp-json\/wp\/v2\/media?parent=10728"}],"wp:term":[{"taxonomy":"category","embeddable":true,"href":"https:\/\/defrentealaverdad.com\/index.php\/wp-json\/wp\/v2\/categories?post=10728"},{"taxonomy":"post_tag","embeddable":true,"href":"https:\/\/defrentealaverdad.com\/index.php\/wp-json\/wp\/v2\/tags?post=10728"}],"curies":[{"name":"wp","href":"https:\/\/api.w.org\/{rel}","templated":true}]}}