{"id":1068,"date":"2022-04-10T19:41:57","date_gmt":"2022-04-10T19:41:57","guid":{"rendered":"https:\/\/defrentealaverdad.com\/?p=1068"},"modified":"2022-04-22T21:20:00","modified_gmt":"2022-04-22T21:20:00","slug":"inicia-autoferia-asocivu-semana-santa-2022","status":"publish","type":"post","link":"https:\/\/defrentealaverdad.com\/index.php\/2022\/04\/10\/inicia-autoferia-asocivu-semana-santa-2022\/","title":{"rendered":"Inicia Autoferia ASOCIVU Semana Santa 2022"},"content":{"rendered":"<blockquote><p>&nbsp;<\/p><\/blockquote>\n<p><img decoding=\"async\" class=\"alignnone size-medium wp-image-1069 lazyload\" data-src=\"https:\/\/defrentealaverdad.com\/wp-content\/uploads\/2022\/04\/IMG-20220408-WA0232-300x204.jpg\" alt=\"\" width=\"300\" height=\"204\" data-srcset=\"https:\/\/defrentealaverdad.com\/wp-content\/uploads\/2022\/04\/IMG-20220408-WA0232-300x204.jpg 300w, https:\/\/defrentealaverdad.com\/wp-content\/uploads\/2022\/04\/IMG-20220408-WA0232-1024x696.jpg 1024w, https:\/\/defrentealaverdad.com\/wp-content\/uploads\/2022\/04\/IMG-20220408-WA0232-768x522.jpg 768w, https:\/\/defrentealaverdad.com\/wp-content\/uploads\/2022\/04\/IMG-20220408-WA0232.jpg 1280w\" data-sizes=\"(max-width: 300px) 100vw, 300px\" src=\"data:image\/svg+xml;base64,PHN2ZyB3aWR0aD0iMSIgaGVpZ2h0PSIxIiB4bWxucz0iaHR0cDovL3d3dy53My5vcmcvMjAwMC9zdmciPjwvc3ZnPg==\" style=\"--smush-placeholder-width: 300px; --smush-placeholder-aspect-ratio: 300\/204;\" \/><\/p>\n<p>La m\u00e1s amplia variedad de modelos usados se exhiben en el puerto de SANSOUC\u00cd, Zona Oriental.<\/p>\n<p>Distrito Nacional, Rep\u00fablica Dominicana, abril 2022.- La Asociaci\u00f3n de Importadores de Veh\u00edculos Usados (ASOCIVU), da formal apertura a su trig\u00e9sima tercera autoferia de veh\u00edculos usados, \u201cSemana Santa Montao\u2019 con Asocivu 2022\u201d, extendi\u00e9ndose hasta el lunes 11 de abril.<\/p>\n<p>El evento se desarrolla de manera presencial en las instalaciones del centro de convenciones SANSOUC\u00cd, puerto de Santo Domingo, en la Zona Oriental; donde se exhibe el mayor inventario de veh\u00edculos usados de diferentes a\u00f1os, precios, marcas y modelos.<\/p>\n<p>Con el respaldo de tres entidades bancarias: Banco BACC, Banco Caribe y Banco Fihogar; se ofertan atractivas tasas de inter\u00e9s y financiamientos de hasta el 85% del valor del veh\u00edculo, con pr\u00e9stamos a c\u00f3modas cuotas y plazos de hasta 60 meses.<\/p>\n<p>\u00a8En esta edici\u00f3n especial de Semana Santa, nuestros clientes encontrar\u00e1n una infinidad de modelos y marcas a buen precio, con las mejores facilidades de financiamiento del mercado. Nuestro evento es el preferido por los dominicanos, considerado como la m\u00e1s grande plataforma para la venta de veh\u00edculos usados y el mayor n\u00famero de ediciones desarrolladas en la Rep\u00fablica Dominicana\u201d, expres\u00f3 H\u00e9ctor Rodr\u00edguez Ure\u00f1a, presidente de ASOCIVU.<\/p>\n<p>El evento cuenta con la presencia y participaci\u00f3n de una unidad del departamento de verificaci\u00f3n de veh\u00edculos del Plan Piloto, \u00e1rea de juegos para ni\u00f1os, bares y restaurantes, presentaciones art\u00edsticas y culturales, y muchas sorpresas para el disfrute gratuito de toda la familia.<\/p>\n<p>Adem\u00e1s de la modalidad presencial, los interesados podr\u00e1n aplicar y solicitar pr\u00e9stamos a trav\u00e9s de un extenso inventario virtual en los portales web www.Asocivu.com y las plataformas de www.CarrosRD.com y www.SuperCarros.com<\/p>\n<p>La autoferia se desarrolla con el patrocinio y respaldo de SANSOUC\u00cd Puerto de Santo Domingo, Banco BACC, Banco Caribe, Banco Fihogar, La Monumental de Seguros, Carros RD, Atrio Seguros, Super Carros, Auction XM, BankTraking, Hitek y TuMakina.Com<\/p>\n<p>&nbsp;<\/p>\n<p>Fuente: ASOCIVU<\/p>\n<p><img decoding=\"async\" class=\"alignnone size-medium wp-image-1069 lazyload\" data-src=\"https:\/\/defrentealaverdad.com\/wp-content\/uploads\/2022\/04\/IMG-20220408-WA0232-300x204.jpg\" alt=\"\" width=\"300\" height=\"204\" data-srcset=\"https:\/\/defrentealaverdad.com\/wp-content\/uploads\/2022\/04\/IMG-20220408-WA0232-300x204.jpg 300w, https:\/\/defrentealaverdad.com\/wp-content\/uploads\/2022\/04\/IMG-20220408-WA0232-1024x696.jpg 1024w, https:\/\/defrentealaverdad.com\/wp-content\/uploads\/2022\/04\/IMG-20220408-WA0232-768x522.jpg 768w, https:\/\/defrentealaverdad.com\/wp-content\/uploads\/2022\/04\/IMG-20220408-WA0232.jpg 1280w\" data-sizes=\"(max-width: 300px) 100vw, 300px\" src=\"data:image\/svg+xml;base64,PHN2ZyB3aWR0aD0iMSIgaGVpZ2h0PSIxIiB4bWxucz0iaHR0cDovL3d3dy53My5vcmcvMjAwMC9zdmciPjwvc3ZnPg==\" style=\"--smush-placeholder-width: 300px; --smush-placeholder-aspect-ratio: 300\/204;\" \/><\/p>\n","protected":false},"excerpt":{"rendered":"<p>&nbsp; La m\u00e1s amplia variedad de modelos usados se exhiben en el puerto de SANSOUC\u00cd,<\/p>\n","protected":false},"author":1,"featured_media":0,"comment_status":"open","ping_status":"open","sticky":false,"template":"","format":"standard","meta":{"footnotes":""},"categories":[7],"tags":[],"class_list":["post-1068","post","type-post","status-publish","format-standard","hentry","category-nacionales"],"_links":{"self":[{"href":"https:\/\/defrentealaverdad.com\/index.php\/wp-json\/wp\/v2\/posts\/1068","targetHints":{"allow":["GET"]}}],"collection":[{"href":"https:\/\/defrentealaverdad.com\/index.php\/wp-json\/wp\/v2\/posts"}],"about":[{"href":"https:\/\/defrentealaverdad.com\/index.php\/wp-json\/wp\/v2\/types\/post"}],"author":[{"embeddable":true,"href":"https:\/\/defrentealaverdad.com\/index.php\/wp-json\/wp\/v2\/users\/1"}],"replies":[{"embeddable":true,"href":"https:\/\/defrentealaverdad.com\/index.php\/wp-json\/wp\/v2\/comments?post=1068"}],"version-history":[{"count":2,"href":"https:\/\/defrentealaverdad.com\/index.php\/wp-json\/wp\/v2\/posts\/1068\/revisions"}],"predecessor-version":[{"id":1072,"href":"https:\/\/defrentealaverdad.com\/index.php\/wp-json\/wp\/v2\/posts\/1068\/revisions\/1072"}],"wp:attachment":[{"href":"https:\/\/defrentealaverdad.com\/index.php\/wp-json\/wp\/v2\/media?parent=1068"}],"wp:term":[{"taxonomy":"category","embeddable":true,"href":"https:\/\/defrentealaverdad.com\/index.php\/wp-json\/wp\/v2\/categories?post=1068"},{"taxonomy":"post_tag","embeddable":true,"href":"https:\/\/defrentealaverdad.com\/index.php\/wp-json\/wp\/v2\/tags?post=1068"}],"curies":[{"name":"wp","href":"https:\/\/api.w.org\/{rel}","templated":true}]}}