{"id":10669,"date":"2023-12-11T15:15:46","date_gmt":"2023-12-11T15:15:46","guid":{"rendered":"https:\/\/defrentealaverdad.com\/?p=10669"},"modified":"2023-12-11T15:15:46","modified_gmt":"2023-12-11T15:15:46","slug":"alejandro-fernandez-regresa-a-rd","status":"publish","type":"post","link":"https:\/\/defrentealaverdad.com\/index.php\/2023\/12\/11\/alejandro-fernandez-regresa-a-rd\/","title":{"rendered":"Alejandro Fern\u00e1ndez regresa a RD"},"content":{"rendered":"<blockquote>\n<p style=\"text-align: justify;\">El Potrillo se reencontrar\u00e1 con el p\u00fablico dominicano con un show inolvidable el pr\u00f3ximo 9 de febrero en el Palacio de los Deportes<\/p>\n<\/blockquote>\n<p style=\"text-align: justify;\">Santo Domingo. \u2013 El artista mexicano Alejandro Fern\u00e1ndez se presentar\u00e1 el 9 de febrero en el Palacio de los Deportes, con un espect\u00e1culo de primer nivel que llevar\u00e1 al p\u00fablico a un impresionante viaje por lo mejor de su repertorio.<\/p>\n<p style=\"text-align: justify;\"><img decoding=\"async\" class=\"size-medium wp-image-10670 alignleft lazyload\" data-src=\"https:\/\/defrentealaverdad.com\/wp-content\/uploads\/2023\/12\/IMG-20231211-WA0065-240x300.jpg\" alt=\"\" width=\"240\" height=\"300\" data-srcset=\"https:\/\/defrentealaverdad.com\/wp-content\/uploads\/2023\/12\/IMG-20231211-WA0065-240x300.jpg 240w, https:\/\/defrentealaverdad.com\/wp-content\/uploads\/2023\/12\/IMG-20231211-WA0065-819x1024.jpg 819w, https:\/\/defrentealaverdad.com\/wp-content\/uploads\/2023\/12\/IMG-20231211-WA0065-768x960.jpg 768w, https:\/\/defrentealaverdad.com\/wp-content\/uploads\/2023\/12\/IMG-20231211-WA0065.jpg 1080w\" data-sizes=\"(max-width: 240px) 100vw, 240px\" src=\"data:image\/svg+xml;base64,PHN2ZyB3aWR0aD0iMSIgaGVpZ2h0PSIxIiB4bWxucz0iaHR0cDovL3d3dy53My5vcmcvMjAwMC9zdmciPjwvc3ZnPg==\" style=\"--smush-placeholder-width: 240px; --smush-placeholder-aspect-ratio: 240\/300;\" \/><\/p>\n<p style=\"text-align: justify;\">Su nueva gira \u201cAmor y Patria\u201d llevar\u00e1 a este \u00edcono de la m\u00fasica mexicana a recorrer el mundo, regalando a sus fans la oportunidad de sumergirse en una experiencia \u00fanica que fusiona lo mejor de su repertorio rom\u00e1ntico con el regional mexicano.<\/p>\n<p style=\"text-align: justify;\">Con d\u00e9cadas de carrera a sus espaldas, Alejandro Fern\u00e1ndez ha dejado una marca indeleble en la escena musical latinoamericana, destac\u00e1ndose por su habilidad para fusionar la tradici\u00f3n del mariachi con elementos contempor\u00e1neos. Su m\u00fasica, impregnada de pasi\u00f3n y autenticidad, ha conquistado corazones en todo el continente.<\/p>\n<p style=\"text-align: justify;\"><img decoding=\"async\" class=\"size-medium wp-image-10671 alignright lazyload\" data-src=\"https:\/\/defrentealaverdad.com\/wp-content\/uploads\/2023\/12\/IMG-20231211-WA0066-300x204.jpg\" alt=\"\" width=\"300\" height=\"204\" data-srcset=\"https:\/\/defrentealaverdad.com\/wp-content\/uploads\/2023\/12\/IMG-20231211-WA0066-300x204.jpg 300w, https:\/\/defrentealaverdad.com\/wp-content\/uploads\/2023\/12\/IMG-20231211-WA0066-1024x696.jpg 1024w, https:\/\/defrentealaverdad.com\/wp-content\/uploads\/2023\/12\/IMG-20231211-WA0066-768x522.jpg 768w, https:\/\/defrentealaverdad.com\/wp-content\/uploads\/2023\/12\/IMG-20231211-WA0066-1536x1044.jpg 1536w, https:\/\/defrentealaverdad.com\/wp-content\/uploads\/2023\/12\/IMG-20231211-WA0066.jpg 1600w\" data-sizes=\"(max-width: 300px) 100vw, 300px\" src=\"data:image\/svg+xml;base64,PHN2ZyB3aWR0aD0iMSIgaGVpZ2h0PSIxIiB4bWxucz0iaHR0cDovL3d3dy53My5vcmcvMjAwMC9zdmciPjwvc3ZnPg==\" style=\"--smush-placeholder-width: 300px; --smush-placeholder-aspect-ratio: 300\/204;\" \/><\/p>\n<p style=\"text-align: justify;\">La gira Amor y Patria no es s\u00f3lo un recorrido musical; es un homenaje al amor y a la rica herencia cultural de M\u00e9xico. Cada nota, cada acorde resonar\u00e1 con la emotividad que solo \u201cEl Potrillo\u201d puede ofrecer.<\/p>\n<p style=\"text-align: justify;\">El show ser\u00e1 producido por SD Concerts y las boletas estar\u00e1n en preventa exclusiva para tarjetas Banreservas con un 15% de descuento del 12 al 14 de diciembre (cantidades limitadas) a trav\u00e9s de tuboleta.com.do<\/p>\n<p style=\"text-align: justify;\">La venta general para cualquier medio de pago estar\u00e1 disponible desde el 15 de diciembre.<\/p>\n<p style=\"text-align: justify;\"><strong>Sobre Alejandro Fern\u00e1ndez<\/strong><\/p>\n<p style=\"text-align: justify;\">Alejandro Fern\u00e1ndez lleg\u00f3 a la cima de la fama con su estilo \u00fanico de interpretar la m\u00fasica mexicana. Es conocido por sus canciones que hablan del amor y desamor- verdades emocionales con las que todos sus fans pueden identificarse. Durante su carrera, Alejandro ha sorprendido al p\u00fablico con una versatilidad musical en diferentes g\u00e9neros.<\/p>\n<p style=\"text-align: justify;\">Tiene 2 Grammys latinos y una estrella en el Hollywood Walk of Fame entre otros reconocimientos. Alejandro fue el primer artista latino en colocar discos en el n\u00famero uno de ventas por cuatro d\u00e9cadas consecutivas (1990, 2000, 2010, 2020). El 12 de octubre 2023, l\u00edderes latinos del Congreso de los Estados Unidos honraron a Alejandro por su carrera musical y servicio a la comunidad latina en una ceremonia dentro del Capitolio de los Estados Unidos, primer artista en vida que recibe este honor en la historia. 55 millones de listeners al a\u00f1o en Spotify #PandoraBillionaire: m\u00e1s de 1 bill\u00f3n de streams en la plataforma.<\/p>\n<p style=\"text-align: justify;\">Mas 5 Billones de vistas en YouTube Fern\u00e1ndez continua lanzando \u00e9xitos como \u201cInexperto En Olvidarte\u201d, \u201cNo Es Que Me Quiera Ir\u201d balada-ranchera, escrita por Ed\u00e9n Mu\u00f1oz la cual logr\u00f3 colocarse en la posici\u00f3n #1 de radio en M\u00e9xico, Estados Unidos y Chile para luego sorprender a su p\u00fablico con el tema \u201cDif\u00edcil Tu Caso\u201d, una balada ranchera que, gracias a sus brillantes arreglos de metales y cuerdas, enmarcados por el guitarr\u00f3n y las guitarras ac\u00fasticas, se encargan de construir una armon\u00eda r\u00edtmica, que la hace una melod\u00eda bailable.<\/p>\n<p style=\"text-align: justify;\">El 2023 se ha convertido en un a\u00f1o esencial para los shows en vivo de Alejandro, quien empez\u00f3 el a\u00f1o realizando una gira por Latinoam\u00e9rica con 13 show sold out, incluyendo su regreso a uno de los escenarios m\u00e1s importantes del continente: el LXII Festival Internacional de la Canci\u00f3n de Vi\u00f1a del Mar, en Chile. De vuelta en M\u00e9xico, hizo historia al ofrecer uno de los conciertos m\u00e1s importantes en su trayectoria en La Monumental Plaza de Toros M\u00e9xico, donde cont\u00f3 con m\u00e1s de 50 mil asistentes registrados. El verano firm\u00f3 su regreso a Espa\u00f1a tras 5 a\u00f1os de ausencia, gracias a la gira &#8216;Amor y Patria&#8217;, que registr\u00f3 siete shows a reventar.<\/p>\n<p style=\"text-align: justify;\">Como parte de la misma gira, Alejandro Fern\u00e1ndez regreso a Estados Unidos durante el mes de septiembre y octubre, continuando la tradici\u00f3n de celebrar las fiestas mexicanas junto a sus paisanos del otro lado de la frontera. Dicho tour, cont\u00f3 con 22 fechas incluyendo primera visita a Canad\u00e1.<\/p>\n<p style=\"text-align: justify;\"><strong>Sobre SD Concerts<\/strong><\/p>\n<p style=\"text-align: justify;\">SD Concerts es una empresa pionera de entretenimiento con sede en Rep\u00fablica Dominicana que durante m\u00e1s de 20 a\u00f1os se ha consolidado como l\u00edder en el Caribe y Centroam\u00e9rica por la realizaci\u00f3n de eventos art\u00edsticos multitudinarios con los m\u00e1s altos est\u00e1ndares de log\u00edstica, seguridad, y puesta en escena.<\/p>\n<p style=\"text-align: justify;\">SD Concerts ha producido los conciertos m\u00e1s importantes en la regi\u00f3n, que comprenden desde Coldplay, hasta Cirque du Soleil, pasando por artistas de la talla de Juan Luis Guerra, Romeo Santos y Rod Stewart.<\/p>\n<p style=\"text-align: justify;\">La compa\u00f1\u00eda se caracteriza por su innovaci\u00f3n constante en el mercado y tiene presencia en pa\u00edses con grandes concentraciones de fan\u00e1ticos como Costa Rica, Venezuela, Chile, Puerto Rico, Guatemala, Colombia, Panam\u00e1 y Per\u00fa.<\/p>\n<p style=\"text-align: justify;\">Para m\u00e1s informaci\u00f3n sobre SD Concerts, visite sdconcerts.com y las redes sociales: IG: @sdconcerts TW: @sdconcerts FB: SD Concerts<\/p>\n<p style=\"text-align: justify;\">\n<p style=\"text-align: justify;\">Fuente: SD Concerts<\/p>\n","protected":false},"excerpt":{"rendered":"<p>El Potrillo se reencontrar\u00e1 con el p\u00fablico dominicano con un show inolvidable el pr\u00f3ximo 9<\/p>\n","protected":false},"author":4,"featured_media":0,"comment_status":"open","ping_status":"open","sticky":false,"template":"","format":"standard","meta":{"footnotes":""},"categories":[6],"tags":[],"class_list":["post-10669","post","type-post","status-publish","format-standard","hentry","category-espectaculos"],"_links":{"self":[{"href":"https:\/\/defrentealaverdad.com\/index.php\/wp-json\/wp\/v2\/posts\/10669","targetHints":{"allow":["GET"]}}],"collection":[{"href":"https:\/\/defrentealaverdad.com\/index.php\/wp-json\/wp\/v2\/posts"}],"about":[{"href":"https:\/\/defrentealaverdad.com\/index.php\/wp-json\/wp\/v2\/types\/post"}],"author":[{"embeddable":true,"href":"https:\/\/defrentealaverdad.com\/index.php\/wp-json\/wp\/v2\/users\/4"}],"replies":[{"embeddable":true,"href":"https:\/\/defrentealaverdad.com\/index.php\/wp-json\/wp\/v2\/comments?post=10669"}],"version-history":[{"count":1,"href":"https:\/\/defrentealaverdad.com\/index.php\/wp-json\/wp\/v2\/posts\/10669\/revisions"}],"predecessor-version":[{"id":10672,"href":"https:\/\/defrentealaverdad.com\/index.php\/wp-json\/wp\/v2\/posts\/10669\/revisions\/10672"}],"wp:attachment":[{"href":"https:\/\/defrentealaverdad.com\/index.php\/wp-json\/wp\/v2\/media?parent=10669"}],"wp:term":[{"taxonomy":"category","embeddable":true,"href":"https:\/\/defrentealaverdad.com\/index.php\/wp-json\/wp\/v2\/categories?post=10669"},{"taxonomy":"post_tag","embeddable":true,"href":"https:\/\/defrentealaverdad.com\/index.php\/wp-json\/wp\/v2\/tags?post=10669"}],"curies":[{"name":"wp","href":"https:\/\/api.w.org\/{rel}","templated":true}]}}