{"id":1065,"date":"2022-04-10T13:28:00","date_gmt":"2022-04-10T13:28:00","guid":{"rendered":"https:\/\/defrentealaverdad.com\/?p=1065"},"modified":"2022-04-10T13:28:00","modified_gmt":"2022-04-10T13:28:00","slug":"bomberos-de-sto-digo-oeste-salvan-nina","status":"publish","type":"post","link":"https:\/\/defrentealaverdad.com\/index.php\/2022\/04\/10\/bomberos-de-sto-digo-oeste-salvan-nina\/","title":{"rendered":"Bomberos de Sto Digo Oeste, salvan ni\u00f1a"},"content":{"rendered":"<p>La unidad B-1 del Cuerpo de Bomberos Santo Domingo Oeste, rescat\u00f3 la ma\u00f1ana de este s\u00e1bado 9 de abril, una ni\u00f1a de apenas un a\u00f1o de edad. La cual qued\u00f3 atrapada en la vivienda donde reside, en el Libertador Herrera (SDO).<\/p>\n<p>La llamada de auxilio fue realizada por un familiar al Sistema Nacional (911), quienes notificaron al Cuerpo de Bomberos de Herrera, comandado por el Coronel Gregorio Candelario,\u00a0 dirigi\u00e9ndose de inmediato al lugar de la emergencia al rescate de la beb\u00e9.<\/p>\n<p>Qui\u00e9n gracias a Dios y a miembros de los bomberos de Santo Domingo Oeste fue puesta en los brazos de su madre, sana y salva.<\/p>\n<p>Por: Mirla Hern\u00e1ndez.<\/p>\n","protected":false},"excerpt":{"rendered":"<p>La unidad B-1 del Cuerpo de Bomberos Santo Domingo Oeste, rescat\u00f3 la ma\u00f1ana de este<\/p>\n","protected":false},"author":1,"featured_media":1066,"comment_status":"open","ping_status":"open","sticky":false,"template":"","format":"standard","meta":{"footnotes":""},"categories":[7],"tags":[],"class_list":["post-1065","post","type-post","status-publish","format-standard","has-post-thumbnail","hentry","category-nacionales"],"_links":{"self":[{"href":"https:\/\/defrentealaverdad.com\/index.php\/wp-json\/wp\/v2\/posts\/1065","targetHints":{"allow":["GET"]}}],"collection":[{"href":"https:\/\/defrentealaverdad.com\/index.php\/wp-json\/wp\/v2\/posts"}],"about":[{"href":"https:\/\/defrentealaverdad.com\/index.php\/wp-json\/wp\/v2\/types\/post"}],"author":[{"embeddable":true,"href":"https:\/\/defrentealaverdad.com\/index.php\/wp-json\/wp\/v2\/users\/1"}],"replies":[{"embeddable":true,"href":"https:\/\/defrentealaverdad.com\/index.php\/wp-json\/wp\/v2\/comments?post=1065"}],"version-history":[{"count":1,"href":"https:\/\/defrentealaverdad.com\/index.php\/wp-json\/wp\/v2\/posts\/1065\/revisions"}],"predecessor-version":[{"id":1067,"href":"https:\/\/defrentealaverdad.com\/index.php\/wp-json\/wp\/v2\/posts\/1065\/revisions\/1067"}],"wp:featuredmedia":[{"embeddable":true,"href":"https:\/\/defrentealaverdad.com\/index.php\/wp-json\/wp\/v2\/media\/1066"}],"wp:attachment":[{"href":"https:\/\/defrentealaverdad.com\/index.php\/wp-json\/wp\/v2\/media?parent=1065"}],"wp:term":[{"taxonomy":"category","embeddable":true,"href":"https:\/\/defrentealaverdad.com\/index.php\/wp-json\/wp\/v2\/categories?post=1065"},{"taxonomy":"post_tag","embeddable":true,"href":"https:\/\/defrentealaverdad.com\/index.php\/wp-json\/wp\/v2\/tags?post=1065"}],"curies":[{"name":"wp","href":"https:\/\/api.w.org\/{rel}","templated":true}]}}