{"id":1062,"date":"2022-04-10T13:22:48","date_gmt":"2022-04-10T13:22:48","guid":{"rendered":"https:\/\/defrentealaverdad.com\/?p=1062"},"modified":"2022-04-10T13:22:48","modified_gmt":"2022-04-10T13:22:48","slug":"periodistas-dominicanos-realizan-exitoso-banquete-en-nueva-york","status":"publish","type":"post","link":"https:\/\/defrentealaverdad.com\/index.php\/2022\/04\/10\/periodistas-dominicanos-realizan-exitoso-banquete-en-nueva-york\/","title":{"rendered":"Periodistas dominicanos realizan exitoso banquete en Nueva York"},"content":{"rendered":"<p>&nbsp;<\/p>\n<p>[contact-form][contact-field label=\u00bbNombre\u00bb type=\u00bbname\u00bb  required=\u00bbtrue\u00bb \/][contact-field label=\u00bbCorreo electr\u00f3nico\u00bb type=\u00bbemail\u00bb required=\u00bbtrue\u00bb \/][contact-field label=\u00bbWeb\u00bb type=\u00bburl\u00bb \/][contact-field label=\u00bbMensaje\u00bb type=\u00bbtextarea\u00bb \/][\/contact-form]<\/p>\n<p>&nbsp;<\/p>\n<p>New York.-El Colegio Dominicano de Periodistas en Nueva York realiz\u00f3 su \u201c5to Banquete de Gala\u201d con una masiva asistencia de periodistas, personas de la comunidad y representantes de organizaciones empresariales, c\u00edvicas y comunitarias.<\/p>\n<p>El periodista Adalberto Grull\u00f3n Morillo director de prensa del canal de televisi\u00f3n Teleantillas de la Rep\u00fablica Dominicana fue el conferencista invitado para disertar sobre \u201cResponsabilidad social y principios \u00e9ticos en tiempos de la posverdad\u201d.<\/p>\n<p>El banquete tambi\u00e9n cont\u00f3 con la edici\u00f3n de la revista \u201cLa voz del periodista\u201d, cuyo contenido presenta una serie de art\u00edculos de inter\u00e9s general, y en su portada destaca a Ram\u00f3n de Luna, icono y leyenda del periodismo radiof\u00f3nico con casi 74 a\u00f1os en ejercicio galardonado con el Premio Nacional de Periodismo.<\/p>\n<p>En la gala fueron reconocidos oficiales del Departamento de Polic\u00eda de New York (NYPD), Rolando Mella, Fanny Souffront y Ariel Gonz\u00e1lez.<\/p>\n<p>\u201cEstoy satisfecho con el respaldo de los periodistas, la comunidad y mis compa\u00f1eros de la directiva\u201d, dijo Roberto Francis Secretario General de la seccional del CDP en esta ciudad.<\/p>\n<p>El 5to banquete se enmarca dentro de la agenda de actividades de la semana del periodista.<\/p>\n<p>La directiva 2021\/2023 est\u00e1 conformada por Roberto Francis, Secretario General, Ibelka Ure\u00f1a, subsecretaria, Dajelis Rodr\u00edguez, secretaria de organizaci\u00f3n, Gabriela Remigio, secretaria de finanzas, B\u00e9lgica Vargas, secretaria de actas, Zenith D\u00edaz, primer vocal y C\u00e9sar N\u00fa\u00f1ez, segundo vocal.<\/p>\n","protected":false},"excerpt":{"rendered":"<p>&nbsp; [contact-form][contact-field label=\u00bbNombre\u00bb type=\u00bbname\u00bb required=\u00bbtrue\u00bb \/][contact-field label=\u00bbCorreo electr\u00f3nico\u00bb type=\u00bbemail\u00bb required=\u00bbtrue\u00bb \/][contact-field label=\u00bbWeb\u00bb type=\u00bburl\u00bb \/][contact-field label=\u00bbMensaje\u00bb<\/p>\n","protected":false},"author":1,"featured_media":1063,"comment_status":"open","ping_status":"open","sticky":false,"template":"","format":"standard","meta":{"footnotes":""},"categories":[16],"tags":[225,227,226],"class_list":["post-1062","post","type-post","status-publish","format-standard","has-post-thumbnail","hentry","category-internacionales","tag-cdp","tag-comunicacion","tag-periodistas"],"_links":{"self":[{"href":"https:\/\/defrentealaverdad.com\/index.php\/wp-json\/wp\/v2\/posts\/1062","targetHints":{"allow":["GET"]}}],"collection":[{"href":"https:\/\/defrentealaverdad.com\/index.php\/wp-json\/wp\/v2\/posts"}],"about":[{"href":"https:\/\/defrentealaverdad.com\/index.php\/wp-json\/wp\/v2\/types\/post"}],"author":[{"embeddable":true,"href":"https:\/\/defrentealaverdad.com\/index.php\/wp-json\/wp\/v2\/users\/1"}],"replies":[{"embeddable":true,"href":"https:\/\/defrentealaverdad.com\/index.php\/wp-json\/wp\/v2\/comments?post=1062"}],"version-history":[{"count":1,"href":"https:\/\/defrentealaverdad.com\/index.php\/wp-json\/wp\/v2\/posts\/1062\/revisions"}],"predecessor-version":[{"id":1064,"href":"https:\/\/defrentealaverdad.com\/index.php\/wp-json\/wp\/v2\/posts\/1062\/revisions\/1064"}],"wp:featuredmedia":[{"embeddable":true,"href":"https:\/\/defrentealaverdad.com\/index.php\/wp-json\/wp\/v2\/media\/1063"}],"wp:attachment":[{"href":"https:\/\/defrentealaverdad.com\/index.php\/wp-json\/wp\/v2\/media?parent=1062"}],"wp:term":[{"taxonomy":"category","embeddable":true,"href":"https:\/\/defrentealaverdad.com\/index.php\/wp-json\/wp\/v2\/categories?post=1062"},{"taxonomy":"post_tag","embeddable":true,"href":"https:\/\/defrentealaverdad.com\/index.php\/wp-json\/wp\/v2\/tags?post=1062"}],"curies":[{"name":"wp","href":"https:\/\/api.w.org\/{rel}","templated":true}]}}