{"id":10531,"date":"2023-12-06T14:34:43","date_gmt":"2023-12-06T14:34:43","guid":{"rendered":"https:\/\/defrentealaverdad.com\/?p=10531"},"modified":"2023-12-06T14:34:43","modified_gmt":"2023-12-06T14:34:43","slug":"la-asociacion-ministerial-mujeres-admirables-ammad-realiza-gala-del-crecimiento-2023","status":"publish","type":"post","link":"https:\/\/defrentealaverdad.com\/index.php\/2023\/12\/06\/la-asociacion-ministerial-mujeres-admirables-ammad-realiza-gala-del-crecimiento-2023\/","title":{"rendered":"La Asociaci\u00f3n ministerial Mujeres Admirables (AMMAD) realiza \u201dGala del Crecimiento 2023\u201d"},"content":{"rendered":"<p><img decoding=\"async\" class=\"size-medium wp-image-10532 alignleft lazyload\" data-src=\"https:\/\/defrentealaverdad.com\/wp-content\/uploads\/2023\/12\/WhatsApp-Image-2023-12-06-at-10.31.56-300x143.jpeg\" alt=\"\" width=\"300\" height=\"143\" data-srcset=\"https:\/\/defrentealaverdad.com\/wp-content\/uploads\/2023\/12\/WhatsApp-Image-2023-12-06-at-10.31.56-300x143.jpeg 300w, https:\/\/defrentealaverdad.com\/wp-content\/uploads\/2023\/12\/WhatsApp-Image-2023-12-06-at-10.31.56-1024x490.jpeg 1024w, https:\/\/defrentealaverdad.com\/wp-content\/uploads\/2023\/12\/WhatsApp-Image-2023-12-06-at-10.31.56-768x367.jpeg 768w, https:\/\/defrentealaverdad.com\/wp-content\/uploads\/2023\/12\/WhatsApp-Image-2023-12-06-at-10.31.56-1536x734.jpeg 1536w, https:\/\/defrentealaverdad.com\/wp-content\/uploads\/2023\/12\/WhatsApp-Image-2023-12-06-at-10.31.56.jpeg 1600w\" data-sizes=\"(max-width: 300px) 100vw, 300px\" src=\"data:image\/svg+xml;base64,PHN2ZyB3aWR0aD0iMSIgaGVpZ2h0PSIxIiB4bWxucz0iaHR0cDovL3d3dy53My5vcmcvMjAwMC9zdmciPjwvc3ZnPg==\" style=\"--smush-placeholder-width: 300px; --smush-placeholder-aspect-ratio: 300\/143;\" \/><\/p>\n<p style=\"text-align: justify;\">Santo Domingo &#8211; En medio de un derroche de talento, conocimiento y glamour de mujeres profesionalmente admirable, fue desarrollada recientemente la esperada gala del <em><strong>\u00abCrecimiento Admirable\u00bb.<\/strong><\/em> Un Congreso internacional donde se dieron cita destacadas mujeres del \u00e1mbito ministerial y profesional de Centroam\u00e9rica, Estados Unidos y el Caribe.<\/p>\n<p style=\"text-align: justify;\">Con un coctel compuesto por una variedad de ponencias, paneles y conversatorios que destacaron, bajo formato virtual, se dieron cita el talento y la experiencia de mujeres l\u00edderes en diversas \u00e1reas, quienes durante aproximadamente siete horas compartieron con otras mujeres sus aprendizajes y vivencias, invit\u00e1ndoles a entender que desde sus posiciones y cotidianidad son mujeres extraordinarias y admirables.<\/p>\n<p><img decoding=\"async\" class=\"size-medium wp-image-10533 alignright lazyload\" data-src=\"https:\/\/defrentealaverdad.com\/wp-content\/uploads\/2023\/12\/WhatsApp-Image-2023-12-06-at-10.31.56-1-300x300.jpeg\" alt=\"\" width=\"300\" height=\"300\" data-srcset=\"https:\/\/defrentealaverdad.com\/wp-content\/uploads\/2023\/12\/WhatsApp-Image-2023-12-06-at-10.31.56-1-300x300.jpeg 300w, https:\/\/defrentealaverdad.com\/wp-content\/uploads\/2023\/12\/WhatsApp-Image-2023-12-06-at-10.31.56-1-1024x1024.jpeg 1024w, https:\/\/defrentealaverdad.com\/wp-content\/uploads\/2023\/12\/WhatsApp-Image-2023-12-06-at-10.31.56-1-150x150.jpeg 150w, https:\/\/defrentealaverdad.com\/wp-content\/uploads\/2023\/12\/WhatsApp-Image-2023-12-06-at-10.31.56-1-768x768.jpeg 768w, https:\/\/defrentealaverdad.com\/wp-content\/uploads\/2023\/12\/WhatsApp-Image-2023-12-06-at-10.31.56-1-1536x1536.jpeg 1536w, https:\/\/defrentealaverdad.com\/wp-content\/uploads\/2023\/12\/WhatsApp-Image-2023-12-06-at-10.31.56-1.jpeg 1600w\" data-sizes=\"(max-width: 300px) 100vw, 300px\" src=\"data:image\/svg+xml;base64,PHN2ZyB3aWR0aD0iMSIgaGVpZ2h0PSIxIiB4bWxucz0iaHR0cDovL3d3dy53My5vcmcvMjAwMC9zdmciPjwvc3ZnPg==\" style=\"--smush-placeholder-width: 300px; --smush-placeholder-aspect-ratio: 300\/300;\" \/><\/p>\n<p style=\"text-align: justify;\">Entre las expositoras participantes se encontraron personalidades destacadas como la Ap\u00f3stol Natasha de Berra, actual directora de Intimas de Dios internacional, la Pastora y Coach Claudia Mart\u00ednez, la experta en finanzas Carmen Blanc. De igual modo, tambi\u00e9n se dieron cita mujeres como la comunicadora y mentora Karol Germ\u00e1n, Ceo de Loor Group, la coach y conferencista Ana Cabrera. Tambi\u00e9n fue parte importante de este encuentro, la pastora escritora y conferencista internacional Martha Qui\u00f1\u00f3nez, la experta en TIC Chastiry Polanco, CEO de Relaxtic. Adem\u00e1s, el evento cont\u00f3 con la participaci\u00f3n de la l\u00edder y emprendedora Jenifer Betance, CEO de JB event planner.<\/p>\n<p style=\"text-align: justify;\">Con un nutrido programa de acciones formativas, el cual incluy\u00f3 un panel magistral protagonizado por las Master Trainers Ludy Aguirre y Mariluz Beaujon, as\u00ed como una reveladora conversaci\u00f3n con algunas integrantes del Team Admirable, entre las que se destacan las profesionales Jennifer Carrasco, Leidy Romani, Joheiry Marte, Aris Rosario, Eunice G\u00f3mez y Kenia Montero las cuales recordaron el inicio de las conferencias digitales en el 2020, con la realizaci\u00f3n del Congreso: \u201cLlamadas para este tiempo\u201d. La gala cont\u00f3 con la presencia especial de Judith Cury, fundadora de Prosperanza, cuya participaci\u00f3n aport\u00f3 un invaluable enfoque en el camino hacia el \u00e9xito de una mujer que apoya a otras mujeres desde su conocimiento y valiosa experiencia.<\/p>\n<p style=\"text-align: justify;\"><img decoding=\"async\" class=\"size-medium wp-image-10534 alignleft lazyload\" data-src=\"https:\/\/defrentealaverdad.com\/wp-content\/uploads\/2023\/12\/WhatsApp-Image-2023-12-06-at-10.31.54-1-300x300.jpeg\" alt=\"\" width=\"300\" height=\"300\" data-srcset=\"https:\/\/defrentealaverdad.com\/wp-content\/uploads\/2023\/12\/WhatsApp-Image-2023-12-06-at-10.31.54-1-300x300.jpeg 300w, https:\/\/defrentealaverdad.com\/wp-content\/uploads\/2023\/12\/WhatsApp-Image-2023-12-06-at-10.31.54-1-1024x1024.jpeg 1024w, https:\/\/defrentealaverdad.com\/wp-content\/uploads\/2023\/12\/WhatsApp-Image-2023-12-06-at-10.31.54-1-150x150.jpeg 150w, https:\/\/defrentealaverdad.com\/wp-content\/uploads\/2023\/12\/WhatsApp-Image-2023-12-06-at-10.31.54-1-768x768.jpeg 768w, https:\/\/defrentealaverdad.com\/wp-content\/uploads\/2023\/12\/WhatsApp-Image-2023-12-06-at-10.31.54-1.jpeg 1080w\" data-sizes=\"(max-width: 300px) 100vw, 300px\" src=\"data:image\/svg+xml;base64,PHN2ZyB3aWR0aD0iMSIgaGVpZ2h0PSIxIiB4bWxucz0iaHR0cDovL3d3dy53My5vcmcvMjAwMC9zdmciPjwvc3ZnPg==\" style=\"--smush-placeholder-width: 300px; --smush-placeholder-aspect-ratio: 300\/300;\" \/>En el espacio, las participantes, disfrutaron de un emotivo conversatorio con Johanny Reyes, CEO de Comunicadoras Hispanas junto a la participaci\u00f3n estelar de Rebeca Sep\u00falveda, autora del libro \u00abEnigma Restar. El evento fue una amalgama de conocimiento, inspiraci\u00f3n y emociones, resaltando el papel fundamental de estas mujeres como l\u00edderes y referentes en sus respectivos campos. Este evento fue amenizado por destacadas comunicadoras y l\u00edderes quienes mantuvieron la atenci\u00f3n de las m\u00e1s de 200 mujeres que se conectaron durante las jornadas, Jenifer Carrasco, Julia S\u00e1nchez, Arelis Fabian, Leidy Romani, Joheiry Marte, Shaquira P\u00e9rez, Rayneidy Hern\u00e1ndez<img decoding=\"async\" class=\"size-medium wp-image-10535 alignright lazyload\" data-src=\"https:\/\/defrentealaverdad.com\/wp-content\/uploads\/2023\/12\/WhatsApp-Image-2023-12-06-at-10.31.54-300x300.jpeg\" alt=\"\" width=\"300\" height=\"300\" data-srcset=\"https:\/\/defrentealaverdad.com\/wp-content\/uploads\/2023\/12\/WhatsApp-Image-2023-12-06-at-10.31.54-300x300.jpeg 300w, https:\/\/defrentealaverdad.com\/wp-content\/uploads\/2023\/12\/WhatsApp-Image-2023-12-06-at-10.31.54-1024x1024.jpeg 1024w, https:\/\/defrentealaverdad.com\/wp-content\/uploads\/2023\/12\/WhatsApp-Image-2023-12-06-at-10.31.54-150x150.jpeg 150w, https:\/\/defrentealaverdad.com\/wp-content\/uploads\/2023\/12\/WhatsApp-Image-2023-12-06-at-10.31.54-768x768.jpeg 768w, https:\/\/defrentealaverdad.com\/wp-content\/uploads\/2023\/12\/WhatsApp-Image-2023-12-06-at-10.31.54.jpeg 1080w\" data-sizes=\"(max-width: 300px) 100vw, 300px\" src=\"data:image\/svg+xml;base64,PHN2ZyB3aWR0aD0iMSIgaGVpZ2h0PSIxIiB4bWxucz0iaHR0cDovL3d3dy53My5vcmcvMjAwMC9zdmciPjwvc3ZnPg==\" style=\"--smush-placeholder-width: 300px; --smush-placeholder-aspect-ratio: 300\/300;\" \/><\/p>\n<p style=\"text-align: justify;\">Al cierre del encuentro, su directora la pastora y coach Kenia Montero agradeci\u00f3 a los presentes y destac\u00f3 que esta celebraci\u00f3n del congreso, enfocado en el crecimiento integral, es una forma de reafirmar el compromiso de la asociaci\u00f3n con el desarrollo de la mujer y la familia dentro de una sociedad globalizada que necesita volver a los valores \u00e9ticos y morales para garantizar su sostenibilidad y supervivencia.<\/p>\n<p style=\"text-align: justify;\"><strong>Sobre la Asociaci\u00f3n ministerial Mujeres Admirables (AMMAD)<\/strong><\/p>\n<p style=\"text-align: justify;\">Es una organizaci\u00f3n que tiene como principal objetivo fortalecer la unidad de l\u00edderes y ministerios y dotar de herramientas de valor a todos sus integrantes.<\/p>\n<p style=\"text-align: justify;\">Desde el 2020, AMMAD ha desarrollado al menos unas 100 acciones formativas enfocadas en el desarrollo integral y la gesti\u00f3n del conocimiento en favor de las mujeres alrededor del mundo y potencializando su influencia en las distintas esferas de la sociedad.<\/p>\n<p>Fuente: Equipo de Prensa AMMAD<\/p>\n","protected":false},"excerpt":{"rendered":"<p>Santo Domingo &#8211; En medio de un derroche de talento, conocimiento y glamour de mujeres<\/p>\n","protected":false},"author":4,"featured_media":0,"comment_status":"open","ping_status":"open","sticky":false,"template":"","format":"standard","meta":{"footnotes":""},"categories":[7],"tags":[],"class_list":["post-10531","post","type-post","status-publish","format-standard","hentry","category-nacionales"],"_links":{"self":[{"href":"https:\/\/defrentealaverdad.com\/index.php\/wp-json\/wp\/v2\/posts\/10531","targetHints":{"allow":["GET"]}}],"collection":[{"href":"https:\/\/defrentealaverdad.com\/index.php\/wp-json\/wp\/v2\/posts"}],"about":[{"href":"https:\/\/defrentealaverdad.com\/index.php\/wp-json\/wp\/v2\/types\/post"}],"author":[{"embeddable":true,"href":"https:\/\/defrentealaverdad.com\/index.php\/wp-json\/wp\/v2\/users\/4"}],"replies":[{"embeddable":true,"href":"https:\/\/defrentealaverdad.com\/index.php\/wp-json\/wp\/v2\/comments?post=10531"}],"version-history":[{"count":1,"href":"https:\/\/defrentealaverdad.com\/index.php\/wp-json\/wp\/v2\/posts\/10531\/revisions"}],"predecessor-version":[{"id":10536,"href":"https:\/\/defrentealaverdad.com\/index.php\/wp-json\/wp\/v2\/posts\/10531\/revisions\/10536"}],"wp:attachment":[{"href":"https:\/\/defrentealaverdad.com\/index.php\/wp-json\/wp\/v2\/media?parent=10531"}],"wp:term":[{"taxonomy":"category","embeddable":true,"href":"https:\/\/defrentealaverdad.com\/index.php\/wp-json\/wp\/v2\/categories?post=10531"},{"taxonomy":"post_tag","embeddable":true,"href":"https:\/\/defrentealaverdad.com\/index.php\/wp-json\/wp\/v2\/tags?post=10531"}],"curies":[{"name":"wp","href":"https:\/\/api.w.org\/{rel}","templated":true}]}}