{"id":10277,"date":"2023-11-29T20:57:37","date_gmt":"2023-11-29T20:57:37","guid":{"rendered":"https:\/\/defrentealaverdad.com\/?p=10277"},"modified":"2023-11-29T20:57:37","modified_gmt":"2023-11-29T20:57:37","slug":"ministerio-de-obras-publicas-entrega-tres-viviendas-en-rancho-arriba","status":"publish","type":"post","link":"https:\/\/defrentealaverdad.com\/index.php\/2023\/11\/29\/ministerio-de-obras-publicas-entrega-tres-viviendas-en-rancho-arriba\/","title":{"rendered":"Ministerio de Obras Publicas entrega tres viviendas en Rancho Arriba"},"content":{"rendered":"<p style=\"text-align: justify;\"><img decoding=\"async\" class=\"size-medium wp-image-10278 alignleft lazyload\" data-src=\"https:\/\/defrentealaverdad.com\/wp-content\/uploads\/2023\/11\/IMG-20231129-WA0134-300x225.jpg\" alt=\"\" width=\"300\" height=\"225\" data-srcset=\"https:\/\/defrentealaverdad.com\/wp-content\/uploads\/2023\/11\/IMG-20231129-WA0134-300x225.jpg 300w, https:\/\/defrentealaverdad.com\/wp-content\/uploads\/2023\/11\/IMG-20231129-WA0134-1024x768.jpg 1024w, https:\/\/defrentealaverdad.com\/wp-content\/uploads\/2023\/11\/IMG-20231129-WA0134-768x576.jpg 768w, https:\/\/defrentealaverdad.com\/wp-content\/uploads\/2023\/11\/IMG-20231129-WA0134-1536x1152.jpg 1536w, https:\/\/defrentealaverdad.com\/wp-content\/uploads\/2023\/11\/IMG-20231129-WA0134-2048x1536.jpg 2048w, https:\/\/defrentealaverdad.com\/wp-content\/uploads\/2023\/11\/IMG-20231129-WA0134-720x540.jpg 720w\" data-sizes=\"(max-width: 300px) 100vw, 300px\" src=\"data:image\/svg+xml;base64,PHN2ZyB3aWR0aD0iMSIgaGVpZ2h0PSIxIiB4bWxucz0iaHR0cDovL3d3dy53My5vcmcvMjAwMC9zdmciPjwvc3ZnPg==\" style=\"--smush-placeholder-width: 300px; --smush-placeholder-aspect-ratio: 300\/225;\" \/><\/p>\n<p style=\"text-align: justify;\">San Jos\u00e9 de Ocoa&#8211;. El Ministerio de Obras P\u00fablicas y Comunicaciones (MOPC), a trav\u00e9s de su Direcci\u00f3n de Programas Sociales, junto a la Constructora Estrella, entregaron tres viviendas a familias de escasos recursos, residentes en el municipio de Rancho Arriba de esta provincia.<\/p>\n<p style=\"text-align: justify;\">La directora de Programas Sociales del MOPC, Yasmina Veras Garc\u00eda, afirm\u00f3 que se hizo la entrega de las casas, dando fiel cumplimiento a la responsabilidad social de la institucione, que en esta ocasi\u00f3n ha devuelto dignidad y seguridad a tres familias de la comunidad.<\/p>\n<p style=\"text-align: justify;\">\u00abObras como estas son las que llenan nuestro coraz\u00f3n de emoci\u00f3n y nos hacen sentir orgullosos de ser dominicanos, porque desde el Ministerio de Obras Publicas P\u00fablicas, y a trav\u00e9s de la Constructora Estrella, hemos podido hacer esta alianza y devolverle la dignidad a tres familias dominicanas\u00bb, puntualiz\u00f3 Veras Garc\u00eda.<\/p>\n<p style=\"text-align: justify;\">De igual forma, anunci\u00f3 que ya cuentan con un solar, y pronto van a colaborar para la construcci\u00f3n de una iglesia en la zona.<\/p>\n<p style=\"text-align: justify;\"><img decoding=\"async\" class=\"size-medium wp-image-10279 alignright lazyload\" data-src=\"https:\/\/defrentealaverdad.com\/wp-content\/uploads\/2023\/11\/IMG-20231129-WA0124-300x200.jpg\" alt=\"\" width=\"300\" height=\"200\" data-srcset=\"https:\/\/defrentealaverdad.com\/wp-content\/uploads\/2023\/11\/IMG-20231129-WA0124-300x200.jpg 300w, https:\/\/defrentealaverdad.com\/wp-content\/uploads\/2023\/11\/IMG-20231129-WA0124-1024x683.jpg 1024w, https:\/\/defrentealaverdad.com\/wp-content\/uploads\/2023\/11\/IMG-20231129-WA0124-768x512.jpg 768w, https:\/\/defrentealaverdad.com\/wp-content\/uploads\/2023\/11\/IMG-20231129-WA0124-1536x1024.jpg 1536w, https:\/\/defrentealaverdad.com\/wp-content\/uploads\/2023\/11\/IMG-20231129-WA0124-2048x1365.jpg 2048w\" data-sizes=\"(max-width: 300px) 100vw, 300px\" src=\"data:image\/svg+xml;base64,PHN2ZyB3aWR0aD0iMSIgaGVpZ2h0PSIxIiB4bWxucz0iaHR0cDovL3d3dy53My5vcmcvMjAwMC9zdmciPjwvc3ZnPg==\" style=\"--smush-placeholder-width: 300px; --smush-placeholder-aspect-ratio: 300\/200;\" \/><\/p>\n<p style=\"text-align: justify;\">Las familias beneficiadas, mostraron su alegr\u00eda y dijeron estar muy felices, ya que podr\u00e1n a partir de ahora vivir en un hogar bien construido, gracias al presidente Luis Abinader, al MOPC y la Constructora Estrella.<\/p>\n<p style=\"text-align: justify;\">Las viviendas cuentan con 40 metros de construcci\u00f3n, sala, comedor, cocina, galer\u00eda, 2 habitaciones y un ba\u00f1o, y adem\u00e1s fueron construidas seguras ante el paso de un fen\u00f3meno atmosf\u00e9rico.<\/p>\n<p style=\"text-align: justify;\">Fuente: Prensa MOPC<\/p>\n<p style=\"text-align: justify;\">\n<p style=\"text-align: justify;\">\n<p style=\"text-align: justify;\">\n<p style=\"text-align: justify;\">\n<p style=\"text-align: justify;\">\n<p style=\"text-align: justify;\">\n","protected":false},"excerpt":{"rendered":"<p>San Jos\u00e9 de Ocoa&#8211;. El Ministerio de Obras P\u00fablicas y Comunicaciones (MOPC), a trav\u00e9s de<\/p>\n","protected":false},"author":1,"featured_media":0,"comment_status":"open","ping_status":"open","sticky":false,"template":"","format":"standard","meta":{"footnotes":""},"categories":[7],"tags":[],"class_list":["post-10277","post","type-post","status-publish","format-standard","hentry","category-nacionales"],"_links":{"self":[{"href":"https:\/\/defrentealaverdad.com\/index.php\/wp-json\/wp\/v2\/posts\/10277","targetHints":{"allow":["GET"]}}],"collection":[{"href":"https:\/\/defrentealaverdad.com\/index.php\/wp-json\/wp\/v2\/posts"}],"about":[{"href":"https:\/\/defrentealaverdad.com\/index.php\/wp-json\/wp\/v2\/types\/post"}],"author":[{"embeddable":true,"href":"https:\/\/defrentealaverdad.com\/index.php\/wp-json\/wp\/v2\/users\/1"}],"replies":[{"embeddable":true,"href":"https:\/\/defrentealaverdad.com\/index.php\/wp-json\/wp\/v2\/comments?post=10277"}],"version-history":[{"count":1,"href":"https:\/\/defrentealaverdad.com\/index.php\/wp-json\/wp\/v2\/posts\/10277\/revisions"}],"predecessor-version":[{"id":10280,"href":"https:\/\/defrentealaverdad.com\/index.php\/wp-json\/wp\/v2\/posts\/10277\/revisions\/10280"}],"wp:attachment":[{"href":"https:\/\/defrentealaverdad.com\/index.php\/wp-json\/wp\/v2\/media?parent=10277"}],"wp:term":[{"taxonomy":"category","embeddable":true,"href":"https:\/\/defrentealaverdad.com\/index.php\/wp-json\/wp\/v2\/categories?post=10277"},{"taxonomy":"post_tag","embeddable":true,"href":"https:\/\/defrentealaverdad.com\/index.php\/wp-json\/wp\/v2\/tags?post=10277"}],"curies":[{"name":"wp","href":"https:\/\/api.w.org\/{rel}","templated":true}]}}