{"id":10269,"date":"2023-11-29T14:21:57","date_gmt":"2023-11-29T14:21:57","guid":{"rendered":"https:\/\/defrentealaverdad.com\/?p=10269"},"modified":"2023-11-29T14:21:57","modified_gmt":"2023-11-29T14:21:57","slug":"centro-medico-punta-cana-efectuo-operativos-de-tomas-de-glicemia-capilar-y-jornadas-de-vacunacion-para-pacientes-diabetico","status":"publish","type":"post","link":"https:\/\/defrentealaverdad.com\/index.php\/2023\/11\/29\/centro-medico-punta-cana-efectuo-operativos-de-tomas-de-glicemia-capilar-y-jornadas-de-vacunacion-para-pacientes-diabetico\/","title":{"rendered":"Centro M\u00e9dico Punta Cana efect\u00fao operativos de tomas de glicemia capilar y jornadas de vacunaci\u00f3n para pacientes diab\u00e9tico\u00a0"},"content":{"rendered":"<p><img decoding=\"async\" class=\"size-medium wp-image-10270 alignright lazyload\" data-src=\"https:\/\/defrentealaverdad.com\/wp-content\/uploads\/2023\/11\/WhatsApp-Image-2023-11-28-at-16.44.47-225x300.jpeg\" alt=\"\" width=\"225\" height=\"300\" data-srcset=\"https:\/\/defrentealaverdad.com\/wp-content\/uploads\/2023\/11\/WhatsApp-Image-2023-11-28-at-16.44.47-225x300.jpeg 225w, https:\/\/defrentealaverdad.com\/wp-content\/uploads\/2023\/11\/WhatsApp-Image-2023-11-28-at-16.44.47-768x1024.jpeg 768w, https:\/\/defrentealaverdad.com\/wp-content\/uploads\/2023\/11\/WhatsApp-Image-2023-11-28-at-16.44.47-1152x1536.jpeg 1152w, https:\/\/defrentealaverdad.com\/wp-content\/uploads\/2023\/11\/WhatsApp-Image-2023-11-28-at-16.44.47-450x600.jpeg 450w, https:\/\/defrentealaverdad.com\/wp-content\/uploads\/2023\/11\/WhatsApp-Image-2023-11-28-at-16.44.47.jpeg 1200w\" data-sizes=\"(max-width: 225px) 100vw, 225px\" src=\"data:image\/svg+xml;base64,PHN2ZyB3aWR0aD0iMSIgaGVpZ2h0PSIxIiB4bWxucz0iaHR0cDovL3d3dy53My5vcmcvMjAwMC9zdmciPjwvc3ZnPg==\" style=\"--smush-placeholder-width: 225px; --smush-placeholder-aspect-ratio: 225\/300;\" \/><\/p>\n<p style=\"text-align: justify;\"><strong>B\u00e1varo, La Altagracia- <\/strong>Centro M\u00e9dico Punta Cana llev\u00f3 a cabo su campa\u00f1a de concientizaci\u00f3n sobre la diabetes, con el fin de favorecer el acceso equitativo a las intervenciones preventivas y diagn\u00f3sticas para reducir el impacto de la diabetes en los pacientes que padecen esta enfermedad, en sus familiares y la comunidad de B\u00e1varo &#8211; Punta Cana.<\/p>\n<p style=\"text-align: justify;\"><strong>Noviembre es el Mes de Concientizaci\u00f3n sobre la Diabetes\u00a0<\/strong><\/p>\n<p style=\"text-align: justify;\">El D\u00eda Mundial de la Diabetes, se conmemora en todo el mundo en noviembre, el mismo se ha designado para crear conciencia sobre la diabetes, sus desaf\u00edos, formas de prevenirla y controlarla. Este a\u00f1o tuvo como lema <strong>\u201cconoce tu riesgo, conoce tu respuesta\u00bb<\/strong> haciendo hincapi\u00e9 en la importancia de conocer el riesgo de desarrollar diabetes de tipo 2 y en la necesidad de acceder a la informaci\u00f3n y los cuidados adecuados para controlar las complicaciones relacionadas con la diabetes.<\/p>\n<p><strong>Centro M\u00e9dico Punta Cana realiz\u00f3 acciones para orientar sobre la importancia de un tratamiento oportuno<\/strong><\/p>\n<p style=\"text-align: justify;\">Durante este mes, el centro de salud cumpli\u00f3 con acciones destinadas a la diabetes para promover la importancia de mantener un estilo de vida saludable, controlar el az\u00facar en sangre y apoyar a las personas que viven con dicha enfermedad.<\/p>\n<p style=\"text-align: justify;\">\nDe esta manera, Centro M\u00e9dico Punta Cana implement\u00f3\u00a0un calendario con contenido de valor en\u00a0plataformas digitales donde informaron a la comunidad con videos instructivos de la mano de la Dra. Wendy Del Rosario, Diabet\u00f3loga, Nutri\u00f3loga &amp; Obes\u00f3loga. Realizaron operativos de toma de glicemia capilar, dirigido a todos sus pacientes, donde se le midi\u00f3 el nivel de glucosa en la sangre con el objetivo de ajustar el tratamiento y limitar las fluctuaciones extremas de la glucemia que se pueden observar a lo largo de un d\u00eda. Tambi\u00e9n llev\u00f3 a cabo una jornada de vacunaci\u00f3n para pacientes diab\u00e9ticos contra Neumococo e Influenza de la mano del Ministerio de Salud P\u00fablica dependencia La Altagracia, con m\u00e1s de 105 participantes entre la vacunaci\u00f3n y toma de glicemia.<\/p>\n<p style=\"text-align: justify;\">La Dra. Del Rosario resalt\u00f3, \u00ab<em>El d\u00eda de la diabetes tiene como prop\u00f3sito impactar a las personas que padecen esta enfermedad con el fin de orientarles sobre sus causas, s\u00edntomas, diagn\u00f3stico, tratamiento y prevenci\u00f3n; asimismo, la importancia de promover acciones que est\u00e9n coordinadas y concentradas a combatir la diabetes como un problema cl\u00ednico de salud mundial.<\/em>\u00ab<\/p>\n<p style=\"text-align: justify;\">Centro M\u00e9dico Punta Cana, exhorta a todos sus pacientes y la comunidad a fomentar maneras de mantener una vida saludable. \u00a0Entre sus recomendaciones promueve una buena alimentaci\u00f3n balanceada, la pr\u00e1ctica de actividad f\u00edsica regular como forma de prevenir y en determinados casos disminuir los efectos secundarios de dicha enfermedad seguidos por visitas pautas con el especialista tratante.<\/p>\n","protected":false},"excerpt":{"rendered":"<p>B\u00e1varo, La Altagracia- Centro M\u00e9dico Punta Cana llev\u00f3 a cabo su campa\u00f1a de concientizaci\u00f3n sobre<\/p>\n","protected":false},"author":2,"featured_media":0,"comment_status":"open","ping_status":"open","sticky":false,"template":"","format":"standard","meta":{"footnotes":""},"categories":[221],"tags":[],"class_list":["post-10269","post","type-post","status-publish","format-standard","hentry","category-salud"],"_links":{"self":[{"href":"https:\/\/defrentealaverdad.com\/index.php\/wp-json\/wp\/v2\/posts\/10269","targetHints":{"allow":["GET"]}}],"collection":[{"href":"https:\/\/defrentealaverdad.com\/index.php\/wp-json\/wp\/v2\/posts"}],"about":[{"href":"https:\/\/defrentealaverdad.com\/index.php\/wp-json\/wp\/v2\/types\/post"}],"author":[{"embeddable":true,"href":"https:\/\/defrentealaverdad.com\/index.php\/wp-json\/wp\/v2\/users\/2"}],"replies":[{"embeddable":true,"href":"https:\/\/defrentealaverdad.com\/index.php\/wp-json\/wp\/v2\/comments?post=10269"}],"version-history":[{"count":1,"href":"https:\/\/defrentealaverdad.com\/index.php\/wp-json\/wp\/v2\/posts\/10269\/revisions"}],"predecessor-version":[{"id":10271,"href":"https:\/\/defrentealaverdad.com\/index.php\/wp-json\/wp\/v2\/posts\/10269\/revisions\/10271"}],"wp:attachment":[{"href":"https:\/\/defrentealaverdad.com\/index.php\/wp-json\/wp\/v2\/media?parent=10269"}],"wp:term":[{"taxonomy":"category","embeddable":true,"href":"https:\/\/defrentealaverdad.com\/index.php\/wp-json\/wp\/v2\/categories?post=10269"},{"taxonomy":"post_tag","embeddable":true,"href":"https:\/\/defrentealaverdad.com\/index.php\/wp-json\/wp\/v2\/tags?post=10269"}],"curies":[{"name":"wp","href":"https:\/\/api.w.org\/{rel}","templated":true}]}}